{"id":764,"date":"2009-02-25T14:25:21","date_gmt":"2009-02-25T19:25:21","guid":{"rendered":"https:\/\/wwd-yvesgingras.uqam.ca\/uncategorized\/le-moment-quebecois-dun-conflit-multi-seculaire\/"},"modified":"2020-02-25T14:29:56","modified_gmt":"2020-02-25T19:29:56","slug":"le-moment-quebecois-dun-conflit-multi-seculaire","status":"publish","type":"post","link":"https:\/\/yvesgingras.uqam.ca\/en\/publications\/le-moment-quebecois-dun-conflit-multi-seculaire\/","title":{"rendered":"Le moment qu\u00e9b\u00e9cois d\u2019un conflit multi-s\u00e9culaire"},"content":{"rendered":"\n<h4 class=\"wp-block-heading\">R\u00e9f\u00e9rence<\/h4>\n\n\n\n<p>Gingras, Y. (2009). Duns Scot vs Thomas d\u2019Aquin. <a href=\"https:\/\/doi.org\/10.7202\/038519ar\">Le moment qu\u00e9b\u00e9cois d\u2019un conflit multi-s\u00e9culaire<\/a>. <em>Revue d&#8217;histoire de l&#8217;Am\u00e9rique fran\u00e7aise, 62<\/em>(3-4), 377-406.<\/p>\n\n\n\n<h4 class=\"wp-block-heading\">R\u00e9sum\u00e9<\/h4>\n\n\n\n<p>This article analyses a philosophical and theological controversy which occurred in Quebec during November 1927, pitting Father \u00c9phrem Longpr\u00e9, a Franciscan, against Father Rodrigue Villeneuve, the Oblate of Ottawa and the future Archbishop and Cardinal of Quebec City. The debate, which centred on the figures of Duns Scotus and Thomas Aquinas, saw Father Longpr\u00e9 challenge the monopoly of Thomism as the only legitimate discourse of Catholic philosophy. Contrary to the portrayal of this short-lived polemic as a superficial and insignificant debate among clerics working on the periphery of the intellectual world, this paper argues that the debate between Villeneuve and Longpr\u00e9 was actually a local manifestation of a multi-secular conflict between two major philosophical and theological doctrines which had been in conflict since the 18<sup>th<\/sup>\u00a0century. In fact, this short-lived exchange (the debate lasted only a few short months), traces its origins to and finds its real significance within a much longer tradition. After a brief look at the origins of the opposition between the philosophies of Duns Scotus and Thomas Aquinas, the article analyzes the exchanges between Longpr\u00e9 and Villeneuve. It then traces the influence of Duns Scotus in Quebec with an emphasis on the work of Sister Clotilde Lemieux, of the Ursulines of Trois Rivi\u00e8res, who wrote an important biography of Scotus. The article concludes by looking at the Second Vatican Council, perceived by many as the triumph of Scotus over the Thomist monopoly.<br><\/p>\n","protected":false},"excerpt":{"rendered":"<p>Gingras, Y. (2009). Duns Scot vs Thomas d\u2019Aquin. Le moment qu\u00e9b\u00e9cois d\u2019un conflit multi-s\u00e9culaire. Revue d&#8217;histoire de l&#8217;Am\u00e9rique fran\u00e7aise, 62(3-4), 377-406.<\/p>\n","protected":false},"author":596,"featured_media":0,"comment_status":"closed","ping_status":"closed","sticky":false,"template":"","format":"standard","meta":{"_editorskit_title_hidden":false,"_editorskit_reading_time":0,"_editorskit_is_block_options_detached":false,"_editorskit_block_options_position":"{}","footnotes":""},"categories":[24,23],"tags":[],"class_list":["post-764","post","type-post","status-publish","format-standard","hentry","category-peer-reviewed-articles","category-publications"],"yoast_head":"<!-- This site is optimized with the Yoast SEO plugin v27.4 - https:\/\/yoast.com\/product\/yoast-seo-wordpress\/ -->\n<title>Le moment qu\u00e9b\u00e9cois d\u2019un conflit multi-s\u00e9culaire - Yves Gingras - UQAM<\/title>\n<meta name=\"robots\" content=\"index, follow, max-snippet:-1, max-image-preview:large, max-video-preview:-1\" \/>\n<link rel=\"canonical\" href=\"https:\/\/yvesgingras.uqam.ca\/en\/publications\/le-moment-quebecois-dun-conflit-multi-seculaire\/\" \/>\n<meta property=\"og:locale\" content=\"en_US\" \/>\n<meta property=\"og:type\" content=\"article\" \/>\n<meta property=\"og:title\" content=\"Le moment qu\u00e9b\u00e9cois d\u2019un conflit multi-s\u00e9culaire - Yves Gingras - UQAM\" \/>\n<meta property=\"og:description\" content=\"Gingras, Y. (2009). Duns Scot vs Thomas d\u2019Aquin. Le moment qu\u00e9b\u00e9cois d\u2019un conflit multi-s\u00e9culaire. Revue d&#039;histoire de l&#039;Am\u00e9rique fran\u00e7aise, 62(3-4), 377-406.\" \/>\n<meta property=\"og:url\" content=\"https:\/\/yvesgingras.uqam.ca\/en\/publications\/le-moment-quebecois-dun-conflit-multi-seculaire\/\" \/>\n<meta property=\"og:site_name\" content=\"Yves Gingras\" \/>\n<meta property=\"article:published_time\" content=\"2009-02-25T19:25:21+00:00\" \/>\n<meta property=\"article:modified_time\" content=\"2020-02-25T19:29:56+00:00\" \/>\n<meta name=\"author\" content=\"hattonproulx\" \/>\n<meta name=\"twitter:card\" content=\"summary_large_image\" \/>\n<meta name=\"twitter:label1\" content=\"Written by\" \/>\n\t<meta name=\"twitter:data1\" content=\"hattonproulx\" \/>\n\t<meta name=\"twitter:label2\" content=\"Est. reading time\" \/>\n\t<meta name=\"twitter:data2\" content=\"1 minute\" \/>\n<script type=\"application\/ld+json\" class=\"yoast-schema-graph\">{\"@context\":\"https:\\\/\\\/schema.org\",\"@graph\":[{\"@type\":\"Article\",\"@id\":\"https:\\\/\\\/yvesgingras.uqam.ca\\\/en\\\/publications\\\/le-moment-quebecois-dun-conflit-multi-seculaire\\\/#article\",\"isPartOf\":{\"@id\":\"https:\\\/\\\/yvesgingras.uqam.ca\\\/en\\\/publications\\\/le-moment-quebecois-dun-conflit-multi-seculaire\\\/\"},\"author\":{\"name\":\"hattonproulx\",\"@id\":\"https:\\\/\\\/yvesgingras.uqam.ca\\\/#\\\/schema\\\/person\\\/b3c64dd9d67ed264693d4246916f58bd\"},\"headline\":\"Le moment qu\u00e9b\u00e9cois d\u2019un conflit multi-s\u00e9culaire\",\"datePublished\":\"2009-02-25T19:25:21+00:00\",\"dateModified\":\"2020-02-25T19:29:56+00:00\",\"mainEntityOfPage\":{\"@id\":\"https:\\\/\\\/yvesgingras.uqam.ca\\\/en\\\/publications\\\/le-moment-quebecois-dun-conflit-multi-seculaire\\\/\"},\"wordCount\":280,\"articleSection\":[\"Peer reviewed articles\",\"Publications\"],\"inLanguage\":\"en-US\"},{\"@type\":\"WebPage\",\"@id\":\"https:\\\/\\\/yvesgingras.uqam.ca\\\/en\\\/publications\\\/le-moment-quebecois-dun-conflit-multi-seculaire\\\/\",\"url\":\"https:\\\/\\\/yvesgingras.uqam.ca\\\/en\\\/publications\\\/le-moment-quebecois-dun-conflit-multi-seculaire\\\/\",\"name\":\"Le moment qu\u00e9b\u00e9cois d\u2019un conflit multi-s\u00e9culaire - Yves Gingras - UQAM\",\"isPartOf\":{\"@id\":\"https:\\\/\\\/yvesgingras.uqam.ca\\\/#website\"},\"datePublished\":\"2009-02-25T19:25:21+00:00\",\"dateModified\":\"2020-02-25T19:29:56+00:00\",\"author\":{\"@id\":\"https:\\\/\\\/yvesgingras.uqam.ca\\\/#\\\/schema\\\/person\\\/b3c64dd9d67ed264693d4246916f58bd\"},\"breadcrumb\":{\"@id\":\"https:\\\/\\\/yvesgingras.uqam.ca\\\/en\\\/publications\\\/le-moment-quebecois-dun-conflit-multi-seculaire\\\/#breadcrumb\"},\"inLanguage\":\"en-US\",\"potentialAction\":[{\"@type\":\"ReadAction\",\"target\":[\"https:\\\/\\\/yvesgingras.uqam.ca\\\/en\\\/publications\\\/le-moment-quebecois-dun-conflit-multi-seculaire\\\/\"]}]},{\"@type\":\"BreadcrumbList\",\"@id\":\"https:\\\/\\\/yvesgingras.uqam.ca\\\/en\\\/publications\\\/le-moment-quebecois-dun-conflit-multi-seculaire\\\/#breadcrumb\",\"itemListElement\":[{\"@type\":\"ListItem\",\"position\":1,\"name\":\"Accueil\",\"item\":\"https:\\\/\\\/yvesgingras.uqam.ca\\\/\"},{\"@type\":\"ListItem\",\"position\":2,\"name\":\"Le moment qu\u00e9b\u00e9cois d\u2019un conflit multi-s\u00e9culaire\"}]},{\"@type\":\"WebSite\",\"@id\":\"https:\\\/\\\/yvesgingras.uqam.ca\\\/#website\",\"url\":\"https:\\\/\\\/yvesgingras.uqam.ca\\\/\",\"name\":\"Yves Gingras\",\"description\":\"\",\"potentialAction\":[{\"@type\":\"SearchAction\",\"target\":{\"@type\":\"EntryPoint\",\"urlTemplate\":\"https:\\\/\\\/yvesgingras.uqam.ca\\\/?s={search_term_string}\"},\"query-input\":{\"@type\":\"PropertyValueSpecification\",\"valueRequired\":true,\"valueName\":\"search_term_string\"}}],\"inLanguage\":\"en-US\"},{\"@type\":\"Person\",\"@id\":\"https:\\\/\\\/yvesgingras.uqam.ca\\\/#\\\/schema\\\/person\\\/b3c64dd9d67ed264693d4246916f58bd\",\"name\":\"hattonproulx\",\"url\":\"https:\\\/\\\/yvesgingras.uqam.ca\\\/en\\\/author\\\/hattonproulx\\\/\"}]}<\/script>\n<!-- \/ Yoast SEO plugin. -->","yoast_head_json":{"title":"Le moment qu\u00e9b\u00e9cois d\u2019un conflit multi-s\u00e9culaire - Yves Gingras - UQAM","robots":{"index":"index","follow":"follow","max-snippet":"max-snippet:-1","max-image-preview":"max-image-preview:large","max-video-preview":"max-video-preview:-1"},"canonical":"https:\/\/yvesgingras.uqam.ca\/en\/publications\/le-moment-quebecois-dun-conflit-multi-seculaire\/","og_locale":"en_US","og_type":"article","og_title":"Le moment qu\u00e9b\u00e9cois d\u2019un conflit multi-s\u00e9culaire - Yves Gingras - UQAM","og_description":"Gingras, Y. (2009). Duns Scot vs Thomas d\u2019Aquin. Le moment qu\u00e9b\u00e9cois d\u2019un conflit multi-s\u00e9culaire. Revue d'histoire de l'Am\u00e9rique fran\u00e7aise, 62(3-4), 377-406.","og_url":"https:\/\/yvesgingras.uqam.ca\/en\/publications\/le-moment-quebecois-dun-conflit-multi-seculaire\/","og_site_name":"Yves Gingras","article_published_time":"2009-02-25T19:25:21+00:00","article_modified_time":"2020-02-25T19:29:56+00:00","author":"hattonproulx","twitter_card":"summary_large_image","twitter_misc":{"Written by":"hattonproulx","Est. reading time":"1 minute"},"schema":{"@context":"https:\/\/schema.org","@graph":[{"@type":"Article","@id":"https:\/\/yvesgingras.uqam.ca\/en\/publications\/le-moment-quebecois-dun-conflit-multi-seculaire\/#article","isPartOf":{"@id":"https:\/\/yvesgingras.uqam.ca\/en\/publications\/le-moment-quebecois-dun-conflit-multi-seculaire\/"},"author":{"name":"hattonproulx","@id":"https:\/\/yvesgingras.uqam.ca\/#\/schema\/person\/b3c64dd9d67ed264693d4246916f58bd"},"headline":"Le moment qu\u00e9b\u00e9cois d\u2019un conflit multi-s\u00e9culaire","datePublished":"2009-02-25T19:25:21+00:00","dateModified":"2020-02-25T19:29:56+00:00","mainEntityOfPage":{"@id":"https:\/\/yvesgingras.uqam.ca\/en\/publications\/le-moment-quebecois-dun-conflit-multi-seculaire\/"},"wordCount":280,"articleSection":["Peer reviewed articles","Publications"],"inLanguage":"en-US"},{"@type":"WebPage","@id":"https:\/\/yvesgingras.uqam.ca\/en\/publications\/le-moment-quebecois-dun-conflit-multi-seculaire\/","url":"https:\/\/yvesgingras.uqam.ca\/en\/publications\/le-moment-quebecois-dun-conflit-multi-seculaire\/","name":"Le moment qu\u00e9b\u00e9cois d\u2019un conflit multi-s\u00e9culaire - Yves Gingras - UQAM","isPartOf":{"@id":"https:\/\/yvesgingras.uqam.ca\/#website"},"datePublished":"2009-02-25T19:25:21+00:00","dateModified":"2020-02-25T19:29:56+00:00","author":{"@id":"https:\/\/yvesgingras.uqam.ca\/#\/schema\/person\/b3c64dd9d67ed264693d4246916f58bd"},"breadcrumb":{"@id":"https:\/\/yvesgingras.uqam.ca\/en\/publications\/le-moment-quebecois-dun-conflit-multi-seculaire\/#breadcrumb"},"inLanguage":"en-US","potentialAction":[{"@type":"ReadAction","target":["https:\/\/yvesgingras.uqam.ca\/en\/publications\/le-moment-quebecois-dun-conflit-multi-seculaire\/"]}]},{"@type":"BreadcrumbList","@id":"https:\/\/yvesgingras.uqam.ca\/en\/publications\/le-moment-quebecois-dun-conflit-multi-seculaire\/#breadcrumb","itemListElement":[{"@type":"ListItem","position":1,"name":"Accueil","item":"https:\/\/yvesgingras.uqam.ca\/"},{"@type":"ListItem","position":2,"name":"Le moment qu\u00e9b\u00e9cois d\u2019un conflit multi-s\u00e9culaire"}]},{"@type":"WebSite","@id":"https:\/\/yvesgingras.uqam.ca\/#website","url":"https:\/\/yvesgingras.uqam.ca\/","name":"Yves Gingras","description":"","potentialAction":[{"@type":"SearchAction","target":{"@type":"EntryPoint","urlTemplate":"https:\/\/yvesgingras.uqam.ca\/?s={search_term_string}"},"query-input":{"@type":"PropertyValueSpecification","valueRequired":true,"valueName":"search_term_string"}}],"inLanguage":"en-US"},{"@type":"Person","@id":"https:\/\/yvesgingras.uqam.ca\/#\/schema\/person\/b3c64dd9d67ed264693d4246916f58bd","name":"hattonproulx","url":"https:\/\/yvesgingras.uqam.ca\/en\/author\/hattonproulx\/"}]}},"_links":{"self":[{"href":"https:\/\/yvesgingras.uqam.ca\/en\/wp-json\/wp\/v2\/posts\/764","targetHints":{"allow":["GET"]}}],"collection":[{"href":"https:\/\/yvesgingras.uqam.ca\/en\/wp-json\/wp\/v2\/posts"}],"about":[{"href":"https:\/\/yvesgingras.uqam.ca\/en\/wp-json\/wp\/v2\/types\/post"}],"author":[{"embeddable":true,"href":"https:\/\/yvesgingras.uqam.ca\/en\/wp-json\/wp\/v2\/users\/596"}],"replies":[{"embeddable":true,"href":"https:\/\/yvesgingras.uqam.ca\/en\/wp-json\/wp\/v2\/comments?post=764"}],"version-history":[{"count":1,"href":"https:\/\/yvesgingras.uqam.ca\/en\/wp-json\/wp\/v2\/posts\/764\/revisions"}],"predecessor-version":[{"id":766,"href":"https:\/\/yvesgingras.uqam.ca\/en\/wp-json\/wp\/v2\/posts\/764\/revisions\/766"}],"wp:attachment":[{"href":"https:\/\/yvesgingras.uqam.ca\/en\/wp-json\/wp\/v2\/media?parent=764"}],"wp:term":[{"taxonomy":"category","embeddable":true,"href":"https:\/\/yvesgingras.uqam.ca\/en\/wp-json\/wp\/v2\/categories?post=764"},{"taxonomy":"post_tag","embeddable":true,"href":"https:\/\/yvesgingras.uqam.ca\/en\/wp-json\/wp\/v2\/tags?post=764"}],"curies":[{"name":"wp","href":"https:\/\/api.w.org\/{rel}","templated":true}]}}