{"id":6876,"date":"2024-02-22T08:59:00","date_gmt":"2024-02-22T13:59:00","guid":{"rendered":"https:\/\/yvesgingras.uqam.ca\/uncategorized\/facultes-en-alerte-fonds-publics-et-liberte-de-recherche\/"},"modified":"2024-03-13T09:08:29","modified_gmt":"2024-03-13T13:08:29","slug":"facultes-en-alerte-fonds-publics-et-liberte-de-recherche","status":"publish","type":"post","link":"https:\/\/yvesgingras.uqam.ca\/en\/medias-en\/facultes-en-alerte-fonds-publics-et-liberte-de-recherche\/","title":{"rendered":"Facult\u00e9s en alerte ? Fonds publics et libert\u00e9 de recherche"},"content":{"rendered":"\n<div class=\"wp-block-media-text is-stacked-on-mobile\" style=\"grid-template-columns:26% auto\"><figure class=\"wp-block-media-text__media\"><img loading=\"lazy\" decoding=\"async\" width=\"1024\" height=\"243\" src=\"https:\/\/yvesgingras.uqam.ca\/wp-content\/uploads\/sites\/150\/savoir-media3-1024x243.png\" alt=\"\" class=\"wp-image-6873 size-full\" srcset=\"https:\/\/yvesgingras.uqam.ca\/wp-content\/uploads\/sites\/150\/savoir-media3-1024x243.png 1024w, https:\/\/yvesgingras.uqam.ca\/wp-content\/uploads\/sites\/150\/savoir-media3-300x71.png 300w, https:\/\/yvesgingras.uqam.ca\/wp-content\/uploads\/sites\/150\/savoir-media3-768x182.png 768w, https:\/\/yvesgingras.uqam.ca\/wp-content\/uploads\/sites\/150\/savoir-media3.png 1200w\" sizes=\"auto, (max-width: 1024px) 100vw, 1024px\" \/><\/figure><div class=\"wp-block-media-text__content\">\n<p>Yves Gingras prend part \u00e0 une s\u00e9rie sur les d\u00e9fis actuels auxquels doit faire face l&#8217;universit\u00e9 en 2024.<\/p>\n<\/div><\/div>\n\n\n\n<p><a aria-label=\"\u00bb Vid\u00e9o (opens in a new tab)\" href=\"https:\/\/savoir.media\/player\/385759\/series?assetType=series&amp;shw_ep=1\" target=\"_blank\" rel=\"noreferrer noopener\" class=\"ek-link\">\u00bb Vid\u00e9o<\/a><br><em>Savoir. m\u00e9dia<\/em>, 22 f\u00e9vrier 2024<\/p>\n","protected":false},"excerpt":{"rendered":"<p>Savoir. m\u00e9dia, 22 f\u00e9vrier 2024<\/p>\n","protected":false},"author":688,"featured_media":0,"comment_status":"closed","ping_status":"closed","sticky":false,"template":"","format":"standard","meta":{"_editorskit_title_hidden":false,"_editorskit_reading_time":0,"_editorskit_is_block_options_detached":false,"_editorskit_block_options_position":"{}","footnotes":""},"categories":[35,42],"tags":[],"class_list":["post-6876","post","type-post","status-publish","format-standard","hentry","category-medias-en","category-television-en"],"yoast_head":"<!-- This site is optimized with the Yoast SEO plugin v27.5 - https:\/\/yoast.com\/product\/yoast-seo-wordpress\/ -->\n<title>Facult\u00e9s en alerte ? Fonds publics et libert\u00e9 de recherche - Yves Gingras - UQAM<\/title>\n<meta name=\"robots\" content=\"index, follow, max-snippet:-1, max-image-preview:large, max-video-preview:-1\" \/>\n<link rel=\"canonical\" href=\"https:\/\/yvesgingras.uqam.ca\/en\/medias-en\/facultes-en-alerte-fonds-publics-et-liberte-de-recherche\/\" \/>\n<meta property=\"og:locale\" content=\"en_US\" \/>\n<meta property=\"og:type\" content=\"article\" \/>\n<meta property=\"og:title\" content=\"Facult\u00e9s en alerte ? Fonds publics et libert\u00e9 de recherche - Yves Gingras - UQAM\" \/>\n<meta property=\"og:description\" content=\"Savoir. m\u00e9dia, 22 f\u00e9vrier 2024\" \/>\n<meta property=\"og:url\" content=\"https:\/\/yvesgingras.uqam.ca\/en\/medias-en\/facultes-en-alerte-fonds-publics-et-liberte-de-recherche\/\" \/>\n<meta property=\"og:site_name\" content=\"Yves Gingras\" \/>\n<meta property=\"article:published_time\" content=\"2024-02-22T13:59:00+00:00\" \/>\n<meta property=\"article:modified_time\" content=\"2024-03-13T13:08:29+00:00\" \/>\n<meta property=\"og:image\" content=\"https:\/\/yvesgingras.uqam.ca\/wp-content\/uploads\/sites\/150\/savoir-media3-1024x243.png\" \/>\n<meta name=\"author\" content=\"Carlettini, H\u00e9l\u00e8ne\" \/>\n<meta name=\"twitter:card\" content=\"summary_large_image\" \/>\n<meta name=\"twitter:label1\" content=\"Written by\" \/>\n\t<meta name=\"twitter:data1\" content=\"Carlettini, H\u00e9l\u00e8ne\" \/>\n\t<meta name=\"twitter:label2\" content=\"Est. reading time\" \/>\n\t<meta name=\"twitter:data2\" content=\"1 minute\" \/>\n<script type=\"application\/ld+json\" class=\"yoast-schema-graph\">{\"@context\":\"https:\\\/\\\/schema.org\",\"@graph\":[{\"@type\":\"Article\",\"@id\":\"https:\\\/\\\/yvesgingras.uqam.ca\\\/en\\\/medias-en\\\/facultes-en-alerte-fonds-publics-et-liberte-de-recherche\\\/#article\",\"isPartOf\":{\"@id\":\"https:\\\/\\\/yvesgingras.uqam.ca\\\/en\\\/medias-en\\\/facultes-en-alerte-fonds-publics-et-liberte-de-recherche\\\/\"},\"author\":{\"name\":\"Carlettini, H\u00e9l\u00e8ne\",\"@id\":\"https:\\\/\\\/yvesgingras.uqam.ca\\\/#\\\/schema\\\/person\\\/8be79c5166a87580801279b500c4754d\"},\"headline\":\"Facult\u00e9s en alerte ? Fonds publics et libert\u00e9 de recherche\",\"datePublished\":\"2024-02-22T13:59:00+00:00\",\"dateModified\":\"2024-03-13T13:08:29+00:00\",\"mainEntityOfPage\":{\"@id\":\"https:\\\/\\\/yvesgingras.uqam.ca\\\/en\\\/medias-en\\\/facultes-en-alerte-fonds-publics-et-liberte-de-recherche\\\/\"},\"wordCount\":36,\"image\":{\"@id\":\"https:\\\/\\\/yvesgingras.uqam.ca\\\/en\\\/medias-en\\\/facultes-en-alerte-fonds-publics-et-liberte-de-recherche\\\/#primaryimage\"},\"thumbnailUrl\":\"https:\\\/\\\/yvesgingras.uqam.ca\\\/wp-content\\\/uploads\\\/sites\\\/150\\\/savoir-media3-1024x243.png\",\"articleSection\":[\"M\u00e9dias\",\"T\u00e9l\u00e9vision\"],\"inLanguage\":\"en-US\"},{\"@type\":\"WebPage\",\"@id\":\"https:\\\/\\\/yvesgingras.uqam.ca\\\/en\\\/medias-en\\\/facultes-en-alerte-fonds-publics-et-liberte-de-recherche\\\/\",\"url\":\"https:\\\/\\\/yvesgingras.uqam.ca\\\/en\\\/medias-en\\\/facultes-en-alerte-fonds-publics-et-liberte-de-recherche\\\/\",\"name\":\"Facult\u00e9s en alerte ? Fonds publics et libert\u00e9 de recherche - Yves Gingras - UQAM\",\"isPartOf\":{\"@id\":\"https:\\\/\\\/yvesgingras.uqam.ca\\\/#website\"},\"primaryImageOfPage\":{\"@id\":\"https:\\\/\\\/yvesgingras.uqam.ca\\\/en\\\/medias-en\\\/facultes-en-alerte-fonds-publics-et-liberte-de-recherche\\\/#primaryimage\"},\"image\":{\"@id\":\"https:\\\/\\\/yvesgingras.uqam.ca\\\/en\\\/medias-en\\\/facultes-en-alerte-fonds-publics-et-liberte-de-recherche\\\/#primaryimage\"},\"thumbnailUrl\":\"https:\\\/\\\/yvesgingras.uqam.ca\\\/wp-content\\\/uploads\\\/sites\\\/150\\\/savoir-media3-1024x243.png\",\"datePublished\":\"2024-02-22T13:59:00+00:00\",\"dateModified\":\"2024-03-13T13:08:29+00:00\",\"author\":{\"@id\":\"https:\\\/\\\/yvesgingras.uqam.ca\\\/#\\\/schema\\\/person\\\/8be79c5166a87580801279b500c4754d\"},\"breadcrumb\":{\"@id\":\"https:\\\/\\\/yvesgingras.uqam.ca\\\/en\\\/medias-en\\\/facultes-en-alerte-fonds-publics-et-liberte-de-recherche\\\/#breadcrumb\"},\"inLanguage\":\"en-US\",\"potentialAction\":[{\"@type\":\"ReadAction\",\"target\":[\"https:\\\/\\\/yvesgingras.uqam.ca\\\/en\\\/medias-en\\\/facultes-en-alerte-fonds-publics-et-liberte-de-recherche\\\/\"]}]},{\"@type\":\"ImageObject\",\"inLanguage\":\"en-US\",\"@id\":\"https:\\\/\\\/yvesgingras.uqam.ca\\\/en\\\/medias-en\\\/facultes-en-alerte-fonds-publics-et-liberte-de-recherche\\\/#primaryimage\",\"url\":\"https:\\\/\\\/yvesgingras.uqam.ca\\\/wp-content\\\/uploads\\\/sites\\\/150\\\/savoir-media3-1024x243.png\",\"contentUrl\":\"https:\\\/\\\/yvesgingras.uqam.ca\\\/wp-content\\\/uploads\\\/sites\\\/150\\\/savoir-media3-1024x243.png\"},{\"@type\":\"BreadcrumbList\",\"@id\":\"https:\\\/\\\/yvesgingras.uqam.ca\\\/en\\\/medias-en\\\/facultes-en-alerte-fonds-publics-et-liberte-de-recherche\\\/#breadcrumb\",\"itemListElement\":[{\"@type\":\"ListItem\",\"position\":1,\"name\":\"Accueil\",\"item\":\"https:\\\/\\\/yvesgingras.uqam.ca\\\/\"},{\"@type\":\"ListItem\",\"position\":2,\"name\":\"Facult\u00e9s en alerte ? Fonds publics et libert\u00e9 de recherche\"}]},{\"@type\":\"WebSite\",\"@id\":\"https:\\\/\\\/yvesgingras.uqam.ca\\\/#website\",\"url\":\"https:\\\/\\\/yvesgingras.uqam.ca\\\/\",\"name\":\"Yves Gingras\",\"description\":\"\",\"potentialAction\":[{\"@type\":\"SearchAction\",\"target\":{\"@type\":\"EntryPoint\",\"urlTemplate\":\"https:\\\/\\\/yvesgingras.uqam.ca\\\/?s={search_term_string}\"},\"query-input\":{\"@type\":\"PropertyValueSpecification\",\"valueRequired\":true,\"valueName\":\"search_term_string\"}}],\"inLanguage\":\"en-US\"},{\"@type\":\"Person\",\"@id\":\"https:\\\/\\\/yvesgingras.uqam.ca\\\/#\\\/schema\\\/person\\\/8be79c5166a87580801279b500c4754d\",\"name\":\"Carlettini, H\u00e9l\u00e8ne\",\"url\":\"https:\\\/\\\/yvesgingras.uqam.ca\\\/en\\\/author\\\/carlettini-heleneuqam-ca\\\/\"}]}<\/script>\n<!-- \/ Yoast SEO plugin. -->","yoast_head_json":{"title":"Facult\u00e9s en alerte ? Fonds publics et libert\u00e9 de recherche - Yves Gingras - UQAM","robots":{"index":"index","follow":"follow","max-snippet":"max-snippet:-1","max-image-preview":"max-image-preview:large","max-video-preview":"max-video-preview:-1"},"canonical":"https:\/\/yvesgingras.uqam.ca\/en\/medias-en\/facultes-en-alerte-fonds-publics-et-liberte-de-recherche\/","og_locale":"en_US","og_type":"article","og_title":"Facult\u00e9s en alerte ? Fonds publics et libert\u00e9 de recherche - Yves Gingras - UQAM","og_description":"Savoir. m\u00e9dia, 22 f\u00e9vrier 2024","og_url":"https:\/\/yvesgingras.uqam.ca\/en\/medias-en\/facultes-en-alerte-fonds-publics-et-liberte-de-recherche\/","og_site_name":"Yves Gingras","article_published_time":"2024-02-22T13:59:00+00:00","article_modified_time":"2024-03-13T13:08:29+00:00","og_image":[{"url":"https:\/\/yvesgingras.uqam.ca\/wp-content\/uploads\/sites\/150\/savoir-media3-1024x243.png","type":"","width":"","height":""}],"author":"Carlettini, H\u00e9l\u00e8ne","twitter_card":"summary_large_image","twitter_misc":{"Written by":"Carlettini, H\u00e9l\u00e8ne","Est. reading time":"1 minute"},"schema":{"@context":"https:\/\/schema.org","@graph":[{"@type":"Article","@id":"https:\/\/yvesgingras.uqam.ca\/en\/medias-en\/facultes-en-alerte-fonds-publics-et-liberte-de-recherche\/#article","isPartOf":{"@id":"https:\/\/yvesgingras.uqam.ca\/en\/medias-en\/facultes-en-alerte-fonds-publics-et-liberte-de-recherche\/"},"author":{"name":"Carlettini, H\u00e9l\u00e8ne","@id":"https:\/\/yvesgingras.uqam.ca\/#\/schema\/person\/8be79c5166a87580801279b500c4754d"},"headline":"Facult\u00e9s en alerte ? Fonds publics et libert\u00e9 de recherche","datePublished":"2024-02-22T13:59:00+00:00","dateModified":"2024-03-13T13:08:29+00:00","mainEntityOfPage":{"@id":"https:\/\/yvesgingras.uqam.ca\/en\/medias-en\/facultes-en-alerte-fonds-publics-et-liberte-de-recherche\/"},"wordCount":36,"image":{"@id":"https:\/\/yvesgingras.uqam.ca\/en\/medias-en\/facultes-en-alerte-fonds-publics-et-liberte-de-recherche\/#primaryimage"},"thumbnailUrl":"https:\/\/yvesgingras.uqam.ca\/wp-content\/uploads\/sites\/150\/savoir-media3-1024x243.png","articleSection":["M\u00e9dias","T\u00e9l\u00e9vision"],"inLanguage":"en-US"},{"@type":"WebPage","@id":"https:\/\/yvesgingras.uqam.ca\/en\/medias-en\/facultes-en-alerte-fonds-publics-et-liberte-de-recherche\/","url":"https:\/\/yvesgingras.uqam.ca\/en\/medias-en\/facultes-en-alerte-fonds-publics-et-liberte-de-recherche\/","name":"Facult\u00e9s en alerte ? Fonds publics et libert\u00e9 de recherche - Yves Gingras - UQAM","isPartOf":{"@id":"https:\/\/yvesgingras.uqam.ca\/#website"},"primaryImageOfPage":{"@id":"https:\/\/yvesgingras.uqam.ca\/en\/medias-en\/facultes-en-alerte-fonds-publics-et-liberte-de-recherche\/#primaryimage"},"image":{"@id":"https:\/\/yvesgingras.uqam.ca\/en\/medias-en\/facultes-en-alerte-fonds-publics-et-liberte-de-recherche\/#primaryimage"},"thumbnailUrl":"https:\/\/yvesgingras.uqam.ca\/wp-content\/uploads\/sites\/150\/savoir-media3-1024x243.png","datePublished":"2024-02-22T13:59:00+00:00","dateModified":"2024-03-13T13:08:29+00:00","author":{"@id":"https:\/\/yvesgingras.uqam.ca\/#\/schema\/person\/8be79c5166a87580801279b500c4754d"},"breadcrumb":{"@id":"https:\/\/yvesgingras.uqam.ca\/en\/medias-en\/facultes-en-alerte-fonds-publics-et-liberte-de-recherche\/#breadcrumb"},"inLanguage":"en-US","potentialAction":[{"@type":"ReadAction","target":["https:\/\/yvesgingras.uqam.ca\/en\/medias-en\/facultes-en-alerte-fonds-publics-et-liberte-de-recherche\/"]}]},{"@type":"ImageObject","inLanguage":"en-US","@id":"https:\/\/yvesgingras.uqam.ca\/en\/medias-en\/facultes-en-alerte-fonds-publics-et-liberte-de-recherche\/#primaryimage","url":"https:\/\/yvesgingras.uqam.ca\/wp-content\/uploads\/sites\/150\/savoir-media3-1024x243.png","contentUrl":"https:\/\/yvesgingras.uqam.ca\/wp-content\/uploads\/sites\/150\/savoir-media3-1024x243.png"},{"@type":"BreadcrumbList","@id":"https:\/\/yvesgingras.uqam.ca\/en\/medias-en\/facultes-en-alerte-fonds-publics-et-liberte-de-recherche\/#breadcrumb","itemListElement":[{"@type":"ListItem","position":1,"name":"Accueil","item":"https:\/\/yvesgingras.uqam.ca\/"},{"@type":"ListItem","position":2,"name":"Facult\u00e9s en alerte ? Fonds publics et libert\u00e9 de recherche"}]},{"@type":"WebSite","@id":"https:\/\/yvesgingras.uqam.ca\/#website","url":"https:\/\/yvesgingras.uqam.ca\/","name":"Yves Gingras","description":"","potentialAction":[{"@type":"SearchAction","target":{"@type":"EntryPoint","urlTemplate":"https:\/\/yvesgingras.uqam.ca\/?s={search_term_string}"},"query-input":{"@type":"PropertyValueSpecification","valueRequired":true,"valueName":"search_term_string"}}],"inLanguage":"en-US"},{"@type":"Person","@id":"https:\/\/yvesgingras.uqam.ca\/#\/schema\/person\/8be79c5166a87580801279b500c4754d","name":"Carlettini, H\u00e9l\u00e8ne","url":"https:\/\/yvesgingras.uqam.ca\/en\/author\/carlettini-heleneuqam-ca\/"}]}},"_links":{"self":[{"href":"https:\/\/yvesgingras.uqam.ca\/en\/wp-json\/wp\/v2\/posts\/6876","targetHints":{"allow":["GET"]}}],"collection":[{"href":"https:\/\/yvesgingras.uqam.ca\/en\/wp-json\/wp\/v2\/posts"}],"about":[{"href":"https:\/\/yvesgingras.uqam.ca\/en\/wp-json\/wp\/v2\/types\/post"}],"author":[{"embeddable":true,"href":"https:\/\/yvesgingras.uqam.ca\/en\/wp-json\/wp\/v2\/users\/688"}],"replies":[{"embeddable":true,"href":"https:\/\/yvesgingras.uqam.ca\/en\/wp-json\/wp\/v2\/comments?post=6876"}],"version-history":[{"count":1,"href":"https:\/\/yvesgingras.uqam.ca\/en\/wp-json\/wp\/v2\/posts\/6876\/revisions"}],"predecessor-version":[{"id":6877,"href":"https:\/\/yvesgingras.uqam.ca\/en\/wp-json\/wp\/v2\/posts\/6876\/revisions\/6877"}],"wp:attachment":[{"href":"https:\/\/yvesgingras.uqam.ca\/en\/wp-json\/wp\/v2\/media?parent=6876"}],"wp:term":[{"taxonomy":"category","embeddable":true,"href":"https:\/\/yvesgingras.uqam.ca\/en\/wp-json\/wp\/v2\/categories?post=6876"},{"taxonomy":"post_tag","embeddable":true,"href":"https:\/\/yvesgingras.uqam.ca\/en\/wp-json\/wp\/v2\/tags?post=6876"}],"curies":[{"name":"wp","href":"https:\/\/api.w.org\/{rel}","templated":true}]}}