{"id":6706,"date":"2023-09-29T10:29:55","date_gmt":"2023-09-29T14:29:55","guid":{"rendered":"https:\/\/yvesgingras.uqam.ca\/?p=6706"},"modified":"2025-05-14T13:15:48","modified_gmt":"2025-05-14T17:15:48","slug":"laurentie-en-fleur","status":"publish","type":"post","link":"https:\/\/yvesgingras.uqam.ca\/en\/publications\/books\/laurentie-en-fleur\/","title":{"rendered":"La Laurentie en fleur"},"content":{"rendered":"\n<h4 class=\"wp-block-heading\"><strong>R\u00e9f\u00e9rence<\/strong><\/h4>\n\n\n\n<p>Gingras, Y. et Beaudet, G. (dir.) (2023). <em><a class=\"ek-link\" href=\"https:\/\/www.editionsboreal.qc.ca\/catalogue\/livres\/laurentie-fleurs-4022.html\">La Laurentie en fleur<\/a>. <\/em>Montr\u00e9al : Bor\u00e9al, 224 pages<\/p>\n\n\n\n<h4 class=\"wp-block-heading\"><strong>R\u00e9sum\u00e9<\/strong><\/h4>\n\n\n<div class=\"wp-block-image is-resized\">\n<figure class=\"alignright size-full\"><img loading=\"lazy\" decoding=\"async\" width=\"400\" height=\"525\" src=\"https:\/\/yvesgingras.uqam.ca\/wp-content\/uploads\/sites\/150\/laurentie_en_fleurs_couv_WEB.jpg\" alt=\"\" class=\"wp-image-6704\" srcset=\"https:\/\/yvesgingras.uqam.ca\/wp-content\/uploads\/sites\/150\/laurentie_en_fleurs_couv_WEB.jpg 400w, https:\/\/yvesgingras.uqam.ca\/wp-content\/uploads\/sites\/150\/laurentie_en_fleurs_couv_WEB-229x300.jpg 229w\" sizes=\"auto, (max-width: 400px) 100vw, 400px\" \/><\/figure>\n<\/div>\n\n\n<p>S\u2019exprimant \u00e0 l\u2019automne 1938 devant les membres du R\u00e9veil rural, le fr\u00e8re Marie-Victorin affirmait : \u00ab La Laurentie en fleur ! C&#8217;est le titre d\u2019un grand livre que je voudrais \u00e9crire pour l\u2019offrir comme un br\u00e9viaire charmant \u00e0 tous ceux qui ont le bonheur de vivre pr\u00e8s de la terre, de vivre dans sa lumi\u00e8re, d\u2019entendre \u00e0 chaque heure sa voix de douceur et de v\u00e9rit\u00e9. \u00bb Apr\u00e8s avoir publi\u00e9 en 1935 l\u2019\u0153uvre de sa vie, la Flore laurentienne, le fondateur du Jardin botanique de Montr\u00e9al n\u2019a pas eu le temps de r\u00e9aliser ce projet d\u2019un livre qui, disait-il, \u00ab serait un guide aimable \u00e0 travers le Jardin Enchant\u00e9 de la Laurentie, car notre grand pays est un jardin, un peu s\u00e9v\u00e8re d\u2019aspect peut-\u00eatre, mais haut en couleur, et anim\u00e9 par la magie de l\u2019eau qui coule et de l\u2019eau qui s\u2019endort sous le miroir des lacs \u00bb.<\/p>\n\n\n\n<p>C\u2019est un tel ouvrage que nous proposons aujourd\u2019hui au lecteur. Nous avons recueilli ici les nombreux textes que Marie-Victorin a sem\u00e9s dans diverses revues et divers journaux qu\u00e9b\u00e9cois entre 1913 et 1944, que viennent compl\u00e9ter les extraits de la Flore laurentienne qui portent sur les usages des plantes et sur leur inscription dans la culture.<\/p>\n\n\n\n<p>Dans la Flore laurentienne, il affirmait que l\u2019illustration d\u2019une flore \u00ab demande, de la part de celui qui entreprend de l&#8217;ex\u00e9cuter, une grande puissance de travail, une science \u00e9tendue de la botanique, un go\u00fbt affin\u00e9 et s\u00fbr, et une forte connaissance de la technique de l&#8217;illustration scientifique \u00bb. Ces \u00ab diverses exigences se sont trouv\u00e9es heureusement r\u00e9unies \u00bb en la personne de \u00ab son confr\u00e8re et ami \u00bb, le fr\u00e8re Alexandre Blouin (1892-1987), \u00ab distingu\u00e9 professeur de biologie du Mont-Saint-Louis \u00bb. Nous avons donc choisi d\u2019accompagner les textes par un choix des dessins originaux du fr\u00e8re Alexandre, conserv\u00e9s dans les archives des Fr\u00e8res des \u00e9coles chr\u00e9tiennes.<\/p>\n\n\n\n<p><\/p>\n\n\n\n<p><\/p>\n","protected":false},"excerpt":{"rendered":"<p>Gingras, Yves et Gilles Beaudet (dir.) (2023) La Laurentie en fleur. Montr\u00e9al : Bor\u00e9al, 224 pages<\/p>\n","protected":false},"author":688,"featured_media":6705,"comment_status":"closed","ping_status":"closed","sticky":false,"template":"","format":"standard","meta":{"_editorskit_title_hidden":false,"_editorskit_reading_time":0,"_editorskit_is_block_options_detached":false,"_editorskit_block_options_position":"{}","footnotes":""},"categories":[22,34,23],"tags":[],"class_list":["post-6706","post","type-post","status-publish","format-standard","has-post-thumbnail","hentry","category-books","category-monographs","category-publications"],"yoast_head":"<!-- This site is optimized with the Yoast SEO plugin v27.5 - https:\/\/yoast.com\/product\/yoast-seo-wordpress\/ -->\n<title>La Laurentie en fleur - Yves Gingras - UQAM<\/title>\n<meta name=\"robots\" content=\"index, follow, max-snippet:-1, max-image-preview:large, max-video-preview:-1\" \/>\n<link rel=\"canonical\" href=\"https:\/\/yvesgingras.uqam.ca\/en\/publications\/books\/laurentie-en-fleur\/\" \/>\n<meta property=\"og:locale\" content=\"en_US\" \/>\n<meta property=\"og:type\" content=\"article\" \/>\n<meta property=\"og:title\" content=\"La Laurentie en fleur - Yves Gingras - UQAM\" \/>\n<meta property=\"og:description\" content=\"Gingras, Yves et Gilles Beaudet (dir.) (2023) La Laurentie en fleur. Montr\u00e9al : Bor\u00e9al, 224 pages\" \/>\n<meta property=\"og:url\" content=\"https:\/\/yvesgingras.uqam.ca\/en\/publications\/books\/laurentie-en-fleur\/\" \/>\n<meta property=\"og:site_name\" content=\"Yves Gingras\" \/>\n<meta property=\"article:published_time\" content=\"2023-09-29T14:29:55+00:00\" \/>\n<meta property=\"article:modified_time\" content=\"2025-05-14T17:15:48+00:00\" \/>\n<meta property=\"og:image\" content=\"https:\/\/yvesgingras.uqam.ca\/wp-content\/uploads\/sites\/150\/laurentie_en_fleurs_couv_WEB.jpg\" \/>\n\t<meta property=\"og:image:width\" content=\"400\" \/>\n\t<meta property=\"og:image:height\" content=\"525\" \/>\n\t<meta property=\"og:image:type\" content=\"image\/jpeg\" \/>\n<meta name=\"author\" content=\"Carlettini, H\u00e9l\u00e8ne\" \/>\n<meta name=\"twitter:card\" content=\"summary_large_image\" \/>\n<meta name=\"twitter:label1\" content=\"Written by\" \/>\n\t<meta name=\"twitter:data1\" content=\"Carlettini, H\u00e9l\u00e8ne\" \/>\n\t<meta name=\"twitter:label2\" content=\"Est. reading time\" \/>\n\t<meta name=\"twitter:data2\" content=\"2 minutes\" \/>\n<script type=\"application\/ld+json\" class=\"yoast-schema-graph\">{\"@context\":\"https:\\\/\\\/schema.org\",\"@graph\":[{\"@type\":\"Article\",\"@id\":\"https:\\\/\\\/yvesgingras.uqam.ca\\\/en\\\/publications\\\/books\\\/laurentie-en-fleur\\\/#article\",\"isPartOf\":{\"@id\":\"https:\\\/\\\/yvesgingras.uqam.ca\\\/en\\\/publications\\\/books\\\/laurentie-en-fleur\\\/\"},\"author\":{\"name\":\"Carlettini, H\u00e9l\u00e8ne\",\"@id\":\"https:\\\/\\\/yvesgingras.uqam.ca\\\/#\\\/schema\\\/person\\\/8be79c5166a87580801279b500c4754d\"},\"headline\":\"La Laurentie en fleur\",\"datePublished\":\"2023-09-29T14:29:55+00:00\",\"dateModified\":\"2025-05-14T17:15:48+00:00\",\"mainEntityOfPage\":{\"@id\":\"https:\\\/\\\/yvesgingras.uqam.ca\\\/en\\\/publications\\\/books\\\/laurentie-en-fleur\\\/\"},\"wordCount\":358,\"image\":{\"@id\":\"https:\\\/\\\/yvesgingras.uqam.ca\\\/en\\\/publications\\\/books\\\/laurentie-en-fleur\\\/#primaryimage\"},\"thumbnailUrl\":\"https:\\\/\\\/yvesgingras.uqam.ca\\\/wp-content\\\/uploads\\\/sites\\\/150\\\/laurentie_en_fleurs_couv_WEB.jpg\",\"articleSection\":[\"Books\",\"Monographs\",\"Publications\"],\"inLanguage\":\"en-US\"},{\"@type\":\"WebPage\",\"@id\":\"https:\\\/\\\/yvesgingras.uqam.ca\\\/en\\\/publications\\\/books\\\/laurentie-en-fleur\\\/\",\"url\":\"https:\\\/\\\/yvesgingras.uqam.ca\\\/en\\\/publications\\\/books\\\/laurentie-en-fleur\\\/\",\"name\":\"La Laurentie en fleur - Yves Gingras - UQAM\",\"isPartOf\":{\"@id\":\"https:\\\/\\\/yvesgingras.uqam.ca\\\/#website\"},\"primaryImageOfPage\":{\"@id\":\"https:\\\/\\\/yvesgingras.uqam.ca\\\/en\\\/publications\\\/books\\\/laurentie-en-fleur\\\/#primaryimage\"},\"image\":{\"@id\":\"https:\\\/\\\/yvesgingras.uqam.ca\\\/en\\\/publications\\\/books\\\/laurentie-en-fleur\\\/#primaryimage\"},\"thumbnailUrl\":\"https:\\\/\\\/yvesgingras.uqam.ca\\\/wp-content\\\/uploads\\\/sites\\\/150\\\/laurentie_en_fleurs_couv_WEB.jpg\",\"datePublished\":\"2023-09-29T14:29:55+00:00\",\"dateModified\":\"2025-05-14T17:15:48+00:00\",\"author\":{\"@id\":\"https:\\\/\\\/yvesgingras.uqam.ca\\\/#\\\/schema\\\/person\\\/8be79c5166a87580801279b500c4754d\"},\"breadcrumb\":{\"@id\":\"https:\\\/\\\/yvesgingras.uqam.ca\\\/en\\\/publications\\\/books\\\/laurentie-en-fleur\\\/#breadcrumb\"},\"inLanguage\":\"en-US\",\"potentialAction\":[{\"@type\":\"ReadAction\",\"target\":[\"https:\\\/\\\/yvesgingras.uqam.ca\\\/en\\\/publications\\\/books\\\/laurentie-en-fleur\\\/\"]}]},{\"@type\":\"ImageObject\",\"inLanguage\":\"en-US\",\"@id\":\"https:\\\/\\\/yvesgingras.uqam.ca\\\/en\\\/publications\\\/books\\\/laurentie-en-fleur\\\/#primaryimage\",\"url\":\"https:\\\/\\\/yvesgingras.uqam.ca\\\/wp-content\\\/uploads\\\/sites\\\/150\\\/laurentie_en_fleurs_couv_WEB.jpg\",\"contentUrl\":\"https:\\\/\\\/yvesgingras.uqam.ca\\\/wp-content\\\/uploads\\\/sites\\\/150\\\/laurentie_en_fleurs_couv_WEB.jpg\",\"width\":400,\"height\":525},{\"@type\":\"BreadcrumbList\",\"@id\":\"https:\\\/\\\/yvesgingras.uqam.ca\\\/en\\\/publications\\\/books\\\/laurentie-en-fleur\\\/#breadcrumb\",\"itemListElement\":[{\"@type\":\"ListItem\",\"position\":1,\"name\":\"Accueil\",\"item\":\"https:\\\/\\\/yvesgingras.uqam.ca\\\/\"},{\"@type\":\"ListItem\",\"position\":2,\"name\":\"La Laurentie en fleur\"}]},{\"@type\":\"WebSite\",\"@id\":\"https:\\\/\\\/yvesgingras.uqam.ca\\\/#website\",\"url\":\"https:\\\/\\\/yvesgingras.uqam.ca\\\/\",\"name\":\"Yves Gingras\",\"description\":\"\",\"potentialAction\":[{\"@type\":\"SearchAction\",\"target\":{\"@type\":\"EntryPoint\",\"urlTemplate\":\"https:\\\/\\\/yvesgingras.uqam.ca\\\/?s={search_term_string}\"},\"query-input\":{\"@type\":\"PropertyValueSpecification\",\"valueRequired\":true,\"valueName\":\"search_term_string\"}}],\"inLanguage\":\"en-US\"},{\"@type\":\"Person\",\"@id\":\"https:\\\/\\\/yvesgingras.uqam.ca\\\/#\\\/schema\\\/person\\\/8be79c5166a87580801279b500c4754d\",\"name\":\"Carlettini, H\u00e9l\u00e8ne\",\"url\":\"https:\\\/\\\/yvesgingras.uqam.ca\\\/en\\\/author\\\/carlettini-heleneuqam-ca\\\/\"}]}<\/script>\n<!-- \/ Yoast SEO plugin. -->","yoast_head_json":{"title":"La Laurentie en fleur - Yves Gingras - UQAM","robots":{"index":"index","follow":"follow","max-snippet":"max-snippet:-1","max-image-preview":"max-image-preview:large","max-video-preview":"max-video-preview:-1"},"canonical":"https:\/\/yvesgingras.uqam.ca\/en\/publications\/books\/laurentie-en-fleur\/","og_locale":"en_US","og_type":"article","og_title":"La Laurentie en fleur - Yves Gingras - UQAM","og_description":"Gingras, Yves et Gilles Beaudet (dir.) (2023) La Laurentie en fleur. Montr\u00e9al : Bor\u00e9al, 224 pages","og_url":"https:\/\/yvesgingras.uqam.ca\/en\/publications\/books\/laurentie-en-fleur\/","og_site_name":"Yves Gingras","article_published_time":"2023-09-29T14:29:55+00:00","article_modified_time":"2025-05-14T17:15:48+00:00","og_image":[{"width":400,"height":525,"url":"https:\/\/yvesgingras.uqam.ca\/wp-content\/uploads\/sites\/150\/laurentie_en_fleurs_couv_WEB.jpg","type":"image\/jpeg"}],"author":"Carlettini, H\u00e9l\u00e8ne","twitter_card":"summary_large_image","twitter_misc":{"Written by":"Carlettini, H\u00e9l\u00e8ne","Est. reading time":"2 minutes"},"schema":{"@context":"https:\/\/schema.org","@graph":[{"@type":"Article","@id":"https:\/\/yvesgingras.uqam.ca\/en\/publications\/books\/laurentie-en-fleur\/#article","isPartOf":{"@id":"https:\/\/yvesgingras.uqam.ca\/en\/publications\/books\/laurentie-en-fleur\/"},"author":{"name":"Carlettini, H\u00e9l\u00e8ne","@id":"https:\/\/yvesgingras.uqam.ca\/#\/schema\/person\/8be79c5166a87580801279b500c4754d"},"headline":"La Laurentie en fleur","datePublished":"2023-09-29T14:29:55+00:00","dateModified":"2025-05-14T17:15:48+00:00","mainEntityOfPage":{"@id":"https:\/\/yvesgingras.uqam.ca\/en\/publications\/books\/laurentie-en-fleur\/"},"wordCount":358,"image":{"@id":"https:\/\/yvesgingras.uqam.ca\/en\/publications\/books\/laurentie-en-fleur\/#primaryimage"},"thumbnailUrl":"https:\/\/yvesgingras.uqam.ca\/wp-content\/uploads\/sites\/150\/laurentie_en_fleurs_couv_WEB.jpg","articleSection":["Books","Monographs","Publications"],"inLanguage":"en-US"},{"@type":"WebPage","@id":"https:\/\/yvesgingras.uqam.ca\/en\/publications\/books\/laurentie-en-fleur\/","url":"https:\/\/yvesgingras.uqam.ca\/en\/publications\/books\/laurentie-en-fleur\/","name":"La Laurentie en fleur - Yves Gingras - UQAM","isPartOf":{"@id":"https:\/\/yvesgingras.uqam.ca\/#website"},"primaryImageOfPage":{"@id":"https:\/\/yvesgingras.uqam.ca\/en\/publications\/books\/laurentie-en-fleur\/#primaryimage"},"image":{"@id":"https:\/\/yvesgingras.uqam.ca\/en\/publications\/books\/laurentie-en-fleur\/#primaryimage"},"thumbnailUrl":"https:\/\/yvesgingras.uqam.ca\/wp-content\/uploads\/sites\/150\/laurentie_en_fleurs_couv_WEB.jpg","datePublished":"2023-09-29T14:29:55+00:00","dateModified":"2025-05-14T17:15:48+00:00","author":{"@id":"https:\/\/yvesgingras.uqam.ca\/#\/schema\/person\/8be79c5166a87580801279b500c4754d"},"breadcrumb":{"@id":"https:\/\/yvesgingras.uqam.ca\/en\/publications\/books\/laurentie-en-fleur\/#breadcrumb"},"inLanguage":"en-US","potentialAction":[{"@type":"ReadAction","target":["https:\/\/yvesgingras.uqam.ca\/en\/publications\/books\/laurentie-en-fleur\/"]}]},{"@type":"ImageObject","inLanguage":"en-US","@id":"https:\/\/yvesgingras.uqam.ca\/en\/publications\/books\/laurentie-en-fleur\/#primaryimage","url":"https:\/\/yvesgingras.uqam.ca\/wp-content\/uploads\/sites\/150\/laurentie_en_fleurs_couv_WEB.jpg","contentUrl":"https:\/\/yvesgingras.uqam.ca\/wp-content\/uploads\/sites\/150\/laurentie_en_fleurs_couv_WEB.jpg","width":400,"height":525},{"@type":"BreadcrumbList","@id":"https:\/\/yvesgingras.uqam.ca\/en\/publications\/books\/laurentie-en-fleur\/#breadcrumb","itemListElement":[{"@type":"ListItem","position":1,"name":"Accueil","item":"https:\/\/yvesgingras.uqam.ca\/"},{"@type":"ListItem","position":2,"name":"La Laurentie en fleur"}]},{"@type":"WebSite","@id":"https:\/\/yvesgingras.uqam.ca\/#website","url":"https:\/\/yvesgingras.uqam.ca\/","name":"Yves Gingras","description":"","potentialAction":[{"@type":"SearchAction","target":{"@type":"EntryPoint","urlTemplate":"https:\/\/yvesgingras.uqam.ca\/?s={search_term_string}"},"query-input":{"@type":"PropertyValueSpecification","valueRequired":true,"valueName":"search_term_string"}}],"inLanguage":"en-US"},{"@type":"Person","@id":"https:\/\/yvesgingras.uqam.ca\/#\/schema\/person\/8be79c5166a87580801279b500c4754d","name":"Carlettini, H\u00e9l\u00e8ne","url":"https:\/\/yvesgingras.uqam.ca\/en\/author\/carlettini-heleneuqam-ca\/"}]}},"_links":{"self":[{"href":"https:\/\/yvesgingras.uqam.ca\/en\/wp-json\/wp\/v2\/posts\/6706","targetHints":{"allow":["GET"]}}],"collection":[{"href":"https:\/\/yvesgingras.uqam.ca\/en\/wp-json\/wp\/v2\/posts"}],"about":[{"href":"https:\/\/yvesgingras.uqam.ca\/en\/wp-json\/wp\/v2\/types\/post"}],"author":[{"embeddable":true,"href":"https:\/\/yvesgingras.uqam.ca\/en\/wp-json\/wp\/v2\/users\/688"}],"replies":[{"embeddable":true,"href":"https:\/\/yvesgingras.uqam.ca\/en\/wp-json\/wp\/v2\/comments?post=6706"}],"version-history":[{"count":10,"href":"https:\/\/yvesgingras.uqam.ca\/en\/wp-json\/wp\/v2\/posts\/6706\/revisions"}],"predecessor-version":[{"id":7624,"href":"https:\/\/yvesgingras.uqam.ca\/en\/wp-json\/wp\/v2\/posts\/6706\/revisions\/7624"}],"wp:featuredmedia":[{"embeddable":true,"href":"https:\/\/yvesgingras.uqam.ca\/en\/wp-json\/wp\/v2\/media\/6705"}],"wp:attachment":[{"href":"https:\/\/yvesgingras.uqam.ca\/en\/wp-json\/wp\/v2\/media?parent=6706"}],"wp:term":[{"taxonomy":"category","embeddable":true,"href":"https:\/\/yvesgingras.uqam.ca\/en\/wp-json\/wp\/v2\/categories?post=6706"},{"taxonomy":"post_tag","embeddable":true,"href":"https:\/\/yvesgingras.uqam.ca\/en\/wp-json\/wp\/v2\/tags?post=6706"}],"curies":[{"name":"wp","href":"https:\/\/api.w.org\/{rel}","templated":true}]}}