{"id":5807,"date":"2021-12-14T10:31:58","date_gmt":"2021-12-14T15:31:58","guid":{"rendered":"https:\/\/yvesgingras.uqam.ca\/?p=5807"},"modified":"2022-01-12T14:05:47","modified_gmt":"2022-01-12T19:05:47","slug":"le-rapport-de-la-commission-scientifique-et-technique-independante-sur-la-reconnaissance-de-la-liberte-academique-dans-le-milieu-universitaire-est-maintenant-public","status":"publish","type":"post","link":"https:\/\/yvesgingras.uqam.ca\/en\/medias-en\/le-rapport-de-la-commission-scientifique-et-technique-independante-sur-la-reconnaissance-de-la-liberte-academique-dans-le-milieu-universitaire-est-maintenant-public\/","title":{"rendered":"Le rapport de la Commission scientifique et technique ind\u00e9pendante sur la reconnaissance de la libert\u00e9 acad\u00e9mique dans le milieu universitaire est maintenant public"},"content":{"rendered":"\n<p>Apr\u00e8s une ann\u00e9e de travaux, la Commission rend public son rapport intitul\u00e9 \u00ab Reconna\u00eetre, prot\u00e9ger et promouvoir la libert\u00e9 universitaire, qui propose des orientations gouvernementales sur la libert\u00e9 acad\u00e9mique en milieu universitaire \u00bb. Pr\u00e9sid\u00e9e par Alexandre Cloutier, cette commission \u00e9tait compos\u00e9e de 5 membres, dont Yves <strong>Gingras<\/strong>.<\/p>\n\n\n\n<p>\u00bb Lire le rapport (<a href=\"https:\/\/yvesgingras.uqam.ca\/wp-content\/uploads\/sites\/150\/RECONNAITRE-PROTEGER-ET-PROMOUVOIR-LA-LIBERTE-UNIVERSITAIRE-Rapport-de-la-Commission.pdf\">.pdf<\/a>)<br><a href=\"https:\/\/www.youtube.com\/watch?v=74U-HCFreF4\">\u00bb Revoir la conf\u00e9rence de presse<\/a><\/p>\n","protected":false},"excerpt":{"rendered":"<p>Rapport rendu public le 14 d\u00e9cembre 2021.<\/p>\n","protected":false},"author":688,"featured_media":0,"comment_status":"closed","ping_status":"closed","sticky":false,"template":"","format":"standard","meta":{"_editorskit_title_hidden":false,"_editorskit_reading_time":0,"_editorskit_is_block_options_detached":false,"_editorskit_block_options_position":"{}","footnotes":""},"categories":[35,42],"tags":[],"class_list":["post-5807","post","type-post","status-publish","format-standard","hentry","category-medias-en","category-television-en"],"yoast_head":"<!-- This site is optimized with the Yoast SEO plugin v27.5 - https:\/\/yoast.com\/product\/yoast-seo-wordpress\/ -->\n<title>Le rapport de la Commission scientifique et technique ind\u00e9pendante sur la reconnaissance de la libert\u00e9 acad\u00e9mique dans le milieu universitaire est maintenant public - Yves Gingras - UQAM<\/title>\n<meta name=\"robots\" content=\"index, follow, max-snippet:-1, max-image-preview:large, max-video-preview:-1\" \/>\n<link rel=\"canonical\" href=\"https:\/\/yvesgingras.uqam.ca\/en\/medias-en\/le-rapport-de-la-commission-scientifique-et-technique-independante-sur-la-reconnaissance-de-la-liberte-academique-dans-le-milieu-universitaire-est-maintenant-public\/\" \/>\n<meta property=\"og:locale\" content=\"en_US\" \/>\n<meta property=\"og:type\" content=\"article\" \/>\n<meta property=\"og:title\" content=\"Le rapport de la Commission scientifique et technique ind\u00e9pendante sur la reconnaissance de la libert\u00e9 acad\u00e9mique dans le milieu universitaire est maintenant public - Yves Gingras - UQAM\" \/>\n<meta property=\"og:description\" content=\"Rapport rendu public le 14 d\u00e9cembre 2021.\" \/>\n<meta property=\"og:url\" content=\"https:\/\/yvesgingras.uqam.ca\/en\/medias-en\/le-rapport-de-la-commission-scientifique-et-technique-independante-sur-la-reconnaissance-de-la-liberte-academique-dans-le-milieu-universitaire-est-maintenant-public\/\" \/>\n<meta property=\"og:site_name\" content=\"Yves Gingras\" \/>\n<meta property=\"article:published_time\" content=\"2021-12-14T15:31:58+00:00\" \/>\n<meta property=\"article:modified_time\" content=\"2022-01-12T19:05:47+00:00\" \/>\n<meta name=\"author\" content=\"Carlettini, H\u00e9l\u00e8ne\" \/>\n<meta name=\"twitter:card\" content=\"summary_large_image\" \/>\n<meta name=\"twitter:label1\" content=\"Written by\" \/>\n\t<meta name=\"twitter:data1\" content=\"Carlettini, H\u00e9l\u00e8ne\" \/>\n\t<meta name=\"twitter:label2\" content=\"Est. reading time\" \/>\n\t<meta name=\"twitter:data2\" content=\"1 minute\" \/>\n<script type=\"application\/ld+json\" class=\"yoast-schema-graph\">{\"@context\":\"https:\\\/\\\/schema.org\",\"@graph\":[{\"@type\":\"Article\",\"@id\":\"https:\\\/\\\/yvesgingras.uqam.ca\\\/en\\\/medias-en\\\/le-rapport-de-la-commission-scientifique-et-technique-independante-sur-la-reconnaissance-de-la-liberte-academique-dans-le-milieu-universitaire-est-maintenant-public\\\/#article\",\"isPartOf\":{\"@id\":\"https:\\\/\\\/yvesgingras.uqam.ca\\\/en\\\/medias-en\\\/le-rapport-de-la-commission-scientifique-et-technique-independante-sur-la-reconnaissance-de-la-liberte-academique-dans-le-milieu-universitaire-est-maintenant-public\\\/\"},\"author\":{\"name\":\"Carlettini, H\u00e9l\u00e8ne\",\"@id\":\"https:\\\/\\\/yvesgingras.uqam.ca\\\/#\\\/schema\\\/person\\\/8be79c5166a87580801279b500c4754d\"},\"headline\":\"Le rapport de la Commission scientifique et technique ind\u00e9pendante sur la reconnaissance de la libert\u00e9 acad\u00e9mique dans le milieu universitaire est maintenant public\",\"datePublished\":\"2021-12-14T15:31:58+00:00\",\"dateModified\":\"2022-01-12T19:05:47+00:00\",\"mainEntityOfPage\":{\"@id\":\"https:\\\/\\\/yvesgingras.uqam.ca\\\/en\\\/medias-en\\\/le-rapport-de-la-commission-scientifique-et-technique-independante-sur-la-reconnaissance-de-la-liberte-academique-dans-le-milieu-universitaire-est-maintenant-public\\\/\"},\"wordCount\":87,\"articleSection\":[\"M\u00e9dias\",\"T\u00e9l\u00e9vision\"],\"inLanguage\":\"en-US\"},{\"@type\":\"WebPage\",\"@id\":\"https:\\\/\\\/yvesgingras.uqam.ca\\\/en\\\/medias-en\\\/le-rapport-de-la-commission-scientifique-et-technique-independante-sur-la-reconnaissance-de-la-liberte-academique-dans-le-milieu-universitaire-est-maintenant-public\\\/\",\"url\":\"https:\\\/\\\/yvesgingras.uqam.ca\\\/en\\\/medias-en\\\/le-rapport-de-la-commission-scientifique-et-technique-independante-sur-la-reconnaissance-de-la-liberte-academique-dans-le-milieu-universitaire-est-maintenant-public\\\/\",\"name\":\"Le rapport de la Commission scientifique et technique ind\u00e9pendante sur la reconnaissance de la libert\u00e9 acad\u00e9mique dans le milieu universitaire est maintenant public - Yves Gingras - UQAM\",\"isPartOf\":{\"@id\":\"https:\\\/\\\/yvesgingras.uqam.ca\\\/#website\"},\"datePublished\":\"2021-12-14T15:31:58+00:00\",\"dateModified\":\"2022-01-12T19:05:47+00:00\",\"author\":{\"@id\":\"https:\\\/\\\/yvesgingras.uqam.ca\\\/#\\\/schema\\\/person\\\/8be79c5166a87580801279b500c4754d\"},\"breadcrumb\":{\"@id\":\"https:\\\/\\\/yvesgingras.uqam.ca\\\/en\\\/medias-en\\\/le-rapport-de-la-commission-scientifique-et-technique-independante-sur-la-reconnaissance-de-la-liberte-academique-dans-le-milieu-universitaire-est-maintenant-public\\\/#breadcrumb\"},\"inLanguage\":\"en-US\",\"potentialAction\":[{\"@type\":\"ReadAction\",\"target\":[\"https:\\\/\\\/yvesgingras.uqam.ca\\\/en\\\/medias-en\\\/le-rapport-de-la-commission-scientifique-et-technique-independante-sur-la-reconnaissance-de-la-liberte-academique-dans-le-milieu-universitaire-est-maintenant-public\\\/\"]}]},{\"@type\":\"BreadcrumbList\",\"@id\":\"https:\\\/\\\/yvesgingras.uqam.ca\\\/en\\\/medias-en\\\/le-rapport-de-la-commission-scientifique-et-technique-independante-sur-la-reconnaissance-de-la-liberte-academique-dans-le-milieu-universitaire-est-maintenant-public\\\/#breadcrumb\",\"itemListElement\":[{\"@type\":\"ListItem\",\"position\":1,\"name\":\"Accueil\",\"item\":\"https:\\\/\\\/yvesgingras.uqam.ca\\\/\"},{\"@type\":\"ListItem\",\"position\":2,\"name\":\"Le rapport de la Commission scientifique et technique ind\u00e9pendante sur la reconnaissance de la libert\u00e9 acad\u00e9mique dans le milieu universitaire est maintenant public\"}]},{\"@type\":\"WebSite\",\"@id\":\"https:\\\/\\\/yvesgingras.uqam.ca\\\/#website\",\"url\":\"https:\\\/\\\/yvesgingras.uqam.ca\\\/\",\"name\":\"Yves Gingras\",\"description\":\"\",\"potentialAction\":[{\"@type\":\"SearchAction\",\"target\":{\"@type\":\"EntryPoint\",\"urlTemplate\":\"https:\\\/\\\/yvesgingras.uqam.ca\\\/?s={search_term_string}\"},\"query-input\":{\"@type\":\"PropertyValueSpecification\",\"valueRequired\":true,\"valueName\":\"search_term_string\"}}],\"inLanguage\":\"en-US\"},{\"@type\":\"Person\",\"@id\":\"https:\\\/\\\/yvesgingras.uqam.ca\\\/#\\\/schema\\\/person\\\/8be79c5166a87580801279b500c4754d\",\"name\":\"Carlettini, H\u00e9l\u00e8ne\",\"url\":\"https:\\\/\\\/yvesgingras.uqam.ca\\\/en\\\/author\\\/carlettini-heleneuqam-ca\\\/\"}]}<\/script>\n<!-- \/ Yoast SEO plugin. -->","yoast_head_json":{"title":"Le rapport de la Commission scientifique et technique ind\u00e9pendante sur la reconnaissance de la libert\u00e9 acad\u00e9mique dans le milieu universitaire est maintenant public - Yves Gingras - UQAM","robots":{"index":"index","follow":"follow","max-snippet":"max-snippet:-1","max-image-preview":"max-image-preview:large","max-video-preview":"max-video-preview:-1"},"canonical":"https:\/\/yvesgingras.uqam.ca\/en\/medias-en\/le-rapport-de-la-commission-scientifique-et-technique-independante-sur-la-reconnaissance-de-la-liberte-academique-dans-le-milieu-universitaire-est-maintenant-public\/","og_locale":"en_US","og_type":"article","og_title":"Le rapport de la Commission scientifique et technique ind\u00e9pendante sur la reconnaissance de la libert\u00e9 acad\u00e9mique dans le milieu universitaire est maintenant public - Yves Gingras - UQAM","og_description":"Rapport rendu public le 14 d\u00e9cembre 2021.","og_url":"https:\/\/yvesgingras.uqam.ca\/en\/medias-en\/le-rapport-de-la-commission-scientifique-et-technique-independante-sur-la-reconnaissance-de-la-liberte-academique-dans-le-milieu-universitaire-est-maintenant-public\/","og_site_name":"Yves Gingras","article_published_time":"2021-12-14T15:31:58+00:00","article_modified_time":"2022-01-12T19:05:47+00:00","author":"Carlettini, H\u00e9l\u00e8ne","twitter_card":"summary_large_image","twitter_misc":{"Written by":"Carlettini, H\u00e9l\u00e8ne","Est. reading time":"1 minute"},"schema":{"@context":"https:\/\/schema.org","@graph":[{"@type":"Article","@id":"https:\/\/yvesgingras.uqam.ca\/en\/medias-en\/le-rapport-de-la-commission-scientifique-et-technique-independante-sur-la-reconnaissance-de-la-liberte-academique-dans-le-milieu-universitaire-est-maintenant-public\/#article","isPartOf":{"@id":"https:\/\/yvesgingras.uqam.ca\/en\/medias-en\/le-rapport-de-la-commission-scientifique-et-technique-independante-sur-la-reconnaissance-de-la-liberte-academique-dans-le-milieu-universitaire-est-maintenant-public\/"},"author":{"name":"Carlettini, H\u00e9l\u00e8ne","@id":"https:\/\/yvesgingras.uqam.ca\/#\/schema\/person\/8be79c5166a87580801279b500c4754d"},"headline":"Le rapport de la Commission scientifique et technique ind\u00e9pendante sur la reconnaissance de la libert\u00e9 acad\u00e9mique dans le milieu universitaire est maintenant public","datePublished":"2021-12-14T15:31:58+00:00","dateModified":"2022-01-12T19:05:47+00:00","mainEntityOfPage":{"@id":"https:\/\/yvesgingras.uqam.ca\/en\/medias-en\/le-rapport-de-la-commission-scientifique-et-technique-independante-sur-la-reconnaissance-de-la-liberte-academique-dans-le-milieu-universitaire-est-maintenant-public\/"},"wordCount":87,"articleSection":["M\u00e9dias","T\u00e9l\u00e9vision"],"inLanguage":"en-US"},{"@type":"WebPage","@id":"https:\/\/yvesgingras.uqam.ca\/en\/medias-en\/le-rapport-de-la-commission-scientifique-et-technique-independante-sur-la-reconnaissance-de-la-liberte-academique-dans-le-milieu-universitaire-est-maintenant-public\/","url":"https:\/\/yvesgingras.uqam.ca\/en\/medias-en\/le-rapport-de-la-commission-scientifique-et-technique-independante-sur-la-reconnaissance-de-la-liberte-academique-dans-le-milieu-universitaire-est-maintenant-public\/","name":"Le rapport de la Commission scientifique et technique ind\u00e9pendante sur la reconnaissance de la libert\u00e9 acad\u00e9mique dans le milieu universitaire est maintenant public - Yves Gingras - UQAM","isPartOf":{"@id":"https:\/\/yvesgingras.uqam.ca\/#website"},"datePublished":"2021-12-14T15:31:58+00:00","dateModified":"2022-01-12T19:05:47+00:00","author":{"@id":"https:\/\/yvesgingras.uqam.ca\/#\/schema\/person\/8be79c5166a87580801279b500c4754d"},"breadcrumb":{"@id":"https:\/\/yvesgingras.uqam.ca\/en\/medias-en\/le-rapport-de-la-commission-scientifique-et-technique-independante-sur-la-reconnaissance-de-la-liberte-academique-dans-le-milieu-universitaire-est-maintenant-public\/#breadcrumb"},"inLanguage":"en-US","potentialAction":[{"@type":"ReadAction","target":["https:\/\/yvesgingras.uqam.ca\/en\/medias-en\/le-rapport-de-la-commission-scientifique-et-technique-independante-sur-la-reconnaissance-de-la-liberte-academique-dans-le-milieu-universitaire-est-maintenant-public\/"]}]},{"@type":"BreadcrumbList","@id":"https:\/\/yvesgingras.uqam.ca\/en\/medias-en\/le-rapport-de-la-commission-scientifique-et-technique-independante-sur-la-reconnaissance-de-la-liberte-academique-dans-le-milieu-universitaire-est-maintenant-public\/#breadcrumb","itemListElement":[{"@type":"ListItem","position":1,"name":"Accueil","item":"https:\/\/yvesgingras.uqam.ca\/"},{"@type":"ListItem","position":2,"name":"Le rapport de la Commission scientifique et technique ind\u00e9pendante sur la reconnaissance de la libert\u00e9 acad\u00e9mique dans le milieu universitaire est maintenant public"}]},{"@type":"WebSite","@id":"https:\/\/yvesgingras.uqam.ca\/#website","url":"https:\/\/yvesgingras.uqam.ca\/","name":"Yves Gingras","description":"","potentialAction":[{"@type":"SearchAction","target":{"@type":"EntryPoint","urlTemplate":"https:\/\/yvesgingras.uqam.ca\/?s={search_term_string}"},"query-input":{"@type":"PropertyValueSpecification","valueRequired":true,"valueName":"search_term_string"}}],"inLanguage":"en-US"},{"@type":"Person","@id":"https:\/\/yvesgingras.uqam.ca\/#\/schema\/person\/8be79c5166a87580801279b500c4754d","name":"Carlettini, H\u00e9l\u00e8ne","url":"https:\/\/yvesgingras.uqam.ca\/en\/author\/carlettini-heleneuqam-ca\/"}]}},"_links":{"self":[{"href":"https:\/\/yvesgingras.uqam.ca\/en\/wp-json\/wp\/v2\/posts\/5807","targetHints":{"allow":["GET"]}}],"collection":[{"href":"https:\/\/yvesgingras.uqam.ca\/en\/wp-json\/wp\/v2\/posts"}],"about":[{"href":"https:\/\/yvesgingras.uqam.ca\/en\/wp-json\/wp\/v2\/types\/post"}],"author":[{"embeddable":true,"href":"https:\/\/yvesgingras.uqam.ca\/en\/wp-json\/wp\/v2\/users\/688"}],"replies":[{"embeddable":true,"href":"https:\/\/yvesgingras.uqam.ca\/en\/wp-json\/wp\/v2\/comments?post=5807"}],"version-history":[{"count":7,"href":"https:\/\/yvesgingras.uqam.ca\/en\/wp-json\/wp\/v2\/posts\/5807\/revisions"}],"predecessor-version":[{"id":5824,"href":"https:\/\/yvesgingras.uqam.ca\/en\/wp-json\/wp\/v2\/posts\/5807\/revisions\/5824"}],"wp:attachment":[{"href":"https:\/\/yvesgingras.uqam.ca\/en\/wp-json\/wp\/v2\/media?parent=5807"}],"wp:term":[{"taxonomy":"category","embeddable":true,"href":"https:\/\/yvesgingras.uqam.ca\/en\/wp-json\/wp\/v2\/categories?post=5807"},{"taxonomy":"post_tag","embeddable":true,"href":"https:\/\/yvesgingras.uqam.ca\/en\/wp-json\/wp\/v2\/tags?post=5807"}],"curies":[{"name":"wp","href":"https:\/\/api.w.org\/{rel}","templated":true}]}}