{"id":5781,"date":"2021-12-07T11:18:03","date_gmt":"2021-12-07T16:18:03","guid":{"rendered":"https:\/\/yvesgingras.uqam.ca\/uncategorized\/integrite-scientifique-et-prises-de-parole-des-chercheurs-dans-lespace-public\/"},"modified":"2021-12-14T09:39:51","modified_gmt":"2021-12-14T14:39:51","slug":"integrite-scientifique-et-prises-de-parole-des-chercheurs-dans-lespace-public","status":"publish","type":"post","link":"https:\/\/yvesgingras.uqam.ca\/en\/about-yves-gingras\/nominations-en\/integrite-scientifique-et-prises-de-parole-des-chercheurs-dans-lespace-public\/","title":{"rendered":"Int\u00e9grit\u00e9 scientifique et prises de parole des chercheurs dans l\u2019espace public"},"content":{"rendered":"\n<hr class=\"wp-block-separator\" \/>\n\n\n\n<h4 class=\"has-text-color wp-block-heading\" style=\"color:#c20069\">Printemps 2022<\/h4>\n\n\n\n<p>Yves Gingras si\u00e9gera au comit\u00e9 scientifique du colloque : \u00ab\u00a0Int\u00e9grit\u00e9 scientifique et prises de parole des chercheurs dans l\u2019espace public\u00a0\u00bb, organis\u00e9 par l\u2019Office fran\u00e7ais de l\u2019int\u00e9grit\u00e9 scientifique (OFIS). Ce colloque est pr\u00e9vu au printemps 2022.<\/p>\n","protected":false},"excerpt":{"rendered":"<p>Printemps 2022. Comit\u00e9 scientifique lors du colloque.<\/p>\n","protected":false},"author":688,"featured_media":0,"comment_status":"closed","ping_status":"closed","sticky":false,"template":"","format":"standard","meta":{"_editorskit_title_hidden":false,"_editorskit_reading_time":0,"_editorskit_is_block_options_detached":false,"_editorskit_block_options_position":"{}","footnotes":""},"categories":[50,48],"tags":[],"class_list":["post-5781","post","type-post","status-publish","format-standard","hentry","category-about-yves-gingras","category-nominations-en"],"yoast_head":"<!-- This site is optimized with the Yoast SEO plugin v27.5 - https:\/\/yoast.com\/product\/yoast-seo-wordpress\/ -->\n<title>Int\u00e9grit\u00e9 scientifique et prises de parole des chercheurs dans l\u2019espace public - Yves Gingras - UQAM<\/title>\n<meta name=\"robots\" content=\"index, follow, max-snippet:-1, max-image-preview:large, max-video-preview:-1\" \/>\n<link rel=\"canonical\" href=\"https:\/\/yvesgingras.uqam.ca\/en\/about-yves-gingras\/nominations-en\/integrite-scientifique-et-prises-de-parole-des-chercheurs-dans-lespace-public\/\" \/>\n<meta property=\"og:locale\" content=\"en_US\" \/>\n<meta property=\"og:type\" content=\"article\" \/>\n<meta property=\"og:title\" content=\"Int\u00e9grit\u00e9 scientifique et prises de parole des chercheurs dans l\u2019espace public - Yves Gingras - UQAM\" \/>\n<meta property=\"og:description\" content=\"Printemps 2022. Comit\u00e9 scientifique lors du colloque.\" \/>\n<meta property=\"og:url\" content=\"https:\/\/yvesgingras.uqam.ca\/en\/about-yves-gingras\/nominations-en\/integrite-scientifique-et-prises-de-parole-des-chercheurs-dans-lespace-public\/\" \/>\n<meta property=\"og:site_name\" content=\"Yves Gingras\" \/>\n<meta property=\"article:published_time\" content=\"2021-12-07T16:18:03+00:00\" \/>\n<meta property=\"article:modified_time\" content=\"2021-12-14T14:39:51+00:00\" \/>\n<meta name=\"author\" content=\"Carlettini, H\u00e9l\u00e8ne\" \/>\n<meta name=\"twitter:card\" content=\"summary_large_image\" \/>\n<meta name=\"twitter:label1\" content=\"Written by\" \/>\n\t<meta name=\"twitter:data1\" content=\"Carlettini, H\u00e9l\u00e8ne\" \/>\n\t<meta name=\"twitter:label2\" content=\"Est. reading time\" \/>\n\t<meta name=\"twitter:data2\" content=\"1 minute\" \/>\n<script type=\"application\/ld+json\" class=\"yoast-schema-graph\">{\"@context\":\"https:\\\/\\\/schema.org\",\"@graph\":[{\"@type\":\"Article\",\"@id\":\"https:\\\/\\\/yvesgingras.uqam.ca\\\/en\\\/about-yves-gingras\\\/nominations-en\\\/integrite-scientifique-et-prises-de-parole-des-chercheurs-dans-lespace-public\\\/#article\",\"isPartOf\":{\"@id\":\"https:\\\/\\\/yvesgingras.uqam.ca\\\/en\\\/about-yves-gingras\\\/nominations-en\\\/integrite-scientifique-et-prises-de-parole-des-chercheurs-dans-lespace-public\\\/\"},\"author\":{\"name\":\"Carlettini, H\u00e9l\u00e8ne\",\"@id\":\"https:\\\/\\\/yvesgingras.uqam.ca\\\/#\\\/schema\\\/person\\\/8be79c5166a87580801279b500c4754d\"},\"headline\":\"Int\u00e9grit\u00e9 scientifique et prises de parole des chercheurs dans l\u2019espace public\",\"datePublished\":\"2021-12-07T16:18:03+00:00\",\"dateModified\":\"2021-12-14T14:39:51+00:00\",\"mainEntityOfPage\":{\"@id\":\"https:\\\/\\\/yvesgingras.uqam.ca\\\/en\\\/about-yves-gingras\\\/nominations-en\\\/integrite-scientifique-et-prises-de-parole-des-chercheurs-dans-lespace-public\\\/\"},\"wordCount\":55,\"articleSection\":[\"About Yves Gingras\",\"Nominations\"],\"inLanguage\":\"en-US\"},{\"@type\":\"WebPage\",\"@id\":\"https:\\\/\\\/yvesgingras.uqam.ca\\\/en\\\/about-yves-gingras\\\/nominations-en\\\/integrite-scientifique-et-prises-de-parole-des-chercheurs-dans-lespace-public\\\/\",\"url\":\"https:\\\/\\\/yvesgingras.uqam.ca\\\/en\\\/about-yves-gingras\\\/nominations-en\\\/integrite-scientifique-et-prises-de-parole-des-chercheurs-dans-lespace-public\\\/\",\"name\":\"Int\u00e9grit\u00e9 scientifique et prises de parole des chercheurs dans l\u2019espace public - Yves Gingras - UQAM\",\"isPartOf\":{\"@id\":\"https:\\\/\\\/yvesgingras.uqam.ca\\\/#website\"},\"datePublished\":\"2021-12-07T16:18:03+00:00\",\"dateModified\":\"2021-12-14T14:39:51+00:00\",\"author\":{\"@id\":\"https:\\\/\\\/yvesgingras.uqam.ca\\\/#\\\/schema\\\/person\\\/8be79c5166a87580801279b500c4754d\"},\"breadcrumb\":{\"@id\":\"https:\\\/\\\/yvesgingras.uqam.ca\\\/en\\\/about-yves-gingras\\\/nominations-en\\\/integrite-scientifique-et-prises-de-parole-des-chercheurs-dans-lespace-public\\\/#breadcrumb\"},\"inLanguage\":\"en-US\",\"potentialAction\":[{\"@type\":\"ReadAction\",\"target\":[\"https:\\\/\\\/yvesgingras.uqam.ca\\\/en\\\/about-yves-gingras\\\/nominations-en\\\/integrite-scientifique-et-prises-de-parole-des-chercheurs-dans-lespace-public\\\/\"]}]},{\"@type\":\"BreadcrumbList\",\"@id\":\"https:\\\/\\\/yvesgingras.uqam.ca\\\/en\\\/about-yves-gingras\\\/nominations-en\\\/integrite-scientifique-et-prises-de-parole-des-chercheurs-dans-lespace-public\\\/#breadcrumb\",\"itemListElement\":[{\"@type\":\"ListItem\",\"position\":1,\"name\":\"Accueil\",\"item\":\"https:\\\/\\\/yvesgingras.uqam.ca\\\/\"},{\"@type\":\"ListItem\",\"position\":2,\"name\":\"Int\u00e9grit\u00e9 scientifique et prises de parole des chercheurs dans l\u2019espace public\"}]},{\"@type\":\"WebSite\",\"@id\":\"https:\\\/\\\/yvesgingras.uqam.ca\\\/#website\",\"url\":\"https:\\\/\\\/yvesgingras.uqam.ca\\\/\",\"name\":\"Yves Gingras\",\"description\":\"\",\"potentialAction\":[{\"@type\":\"SearchAction\",\"target\":{\"@type\":\"EntryPoint\",\"urlTemplate\":\"https:\\\/\\\/yvesgingras.uqam.ca\\\/?s={search_term_string}\"},\"query-input\":{\"@type\":\"PropertyValueSpecification\",\"valueRequired\":true,\"valueName\":\"search_term_string\"}}],\"inLanguage\":\"en-US\"},{\"@type\":\"Person\",\"@id\":\"https:\\\/\\\/yvesgingras.uqam.ca\\\/#\\\/schema\\\/person\\\/8be79c5166a87580801279b500c4754d\",\"name\":\"Carlettini, H\u00e9l\u00e8ne\",\"url\":\"https:\\\/\\\/yvesgingras.uqam.ca\\\/en\\\/author\\\/carlettini-heleneuqam-ca\\\/\"}]}<\/script>\n<!-- \/ Yoast SEO plugin. -->","yoast_head_json":{"title":"Int\u00e9grit\u00e9 scientifique et prises de parole des chercheurs dans l\u2019espace public - Yves Gingras - UQAM","robots":{"index":"index","follow":"follow","max-snippet":"max-snippet:-1","max-image-preview":"max-image-preview:large","max-video-preview":"max-video-preview:-1"},"canonical":"https:\/\/yvesgingras.uqam.ca\/en\/about-yves-gingras\/nominations-en\/integrite-scientifique-et-prises-de-parole-des-chercheurs-dans-lespace-public\/","og_locale":"en_US","og_type":"article","og_title":"Int\u00e9grit\u00e9 scientifique et prises de parole des chercheurs dans l\u2019espace public - Yves Gingras - UQAM","og_description":"Printemps 2022. Comit\u00e9 scientifique lors du colloque.","og_url":"https:\/\/yvesgingras.uqam.ca\/en\/about-yves-gingras\/nominations-en\/integrite-scientifique-et-prises-de-parole-des-chercheurs-dans-lespace-public\/","og_site_name":"Yves Gingras","article_published_time":"2021-12-07T16:18:03+00:00","article_modified_time":"2021-12-14T14:39:51+00:00","author":"Carlettini, H\u00e9l\u00e8ne","twitter_card":"summary_large_image","twitter_misc":{"Written by":"Carlettini, H\u00e9l\u00e8ne","Est. reading time":"1 minute"},"schema":{"@context":"https:\/\/schema.org","@graph":[{"@type":"Article","@id":"https:\/\/yvesgingras.uqam.ca\/en\/about-yves-gingras\/nominations-en\/integrite-scientifique-et-prises-de-parole-des-chercheurs-dans-lespace-public\/#article","isPartOf":{"@id":"https:\/\/yvesgingras.uqam.ca\/en\/about-yves-gingras\/nominations-en\/integrite-scientifique-et-prises-de-parole-des-chercheurs-dans-lespace-public\/"},"author":{"name":"Carlettini, H\u00e9l\u00e8ne","@id":"https:\/\/yvesgingras.uqam.ca\/#\/schema\/person\/8be79c5166a87580801279b500c4754d"},"headline":"Int\u00e9grit\u00e9 scientifique et prises de parole des chercheurs dans l\u2019espace public","datePublished":"2021-12-07T16:18:03+00:00","dateModified":"2021-12-14T14:39:51+00:00","mainEntityOfPage":{"@id":"https:\/\/yvesgingras.uqam.ca\/en\/about-yves-gingras\/nominations-en\/integrite-scientifique-et-prises-de-parole-des-chercheurs-dans-lespace-public\/"},"wordCount":55,"articleSection":["About Yves Gingras","Nominations"],"inLanguage":"en-US"},{"@type":"WebPage","@id":"https:\/\/yvesgingras.uqam.ca\/en\/about-yves-gingras\/nominations-en\/integrite-scientifique-et-prises-de-parole-des-chercheurs-dans-lespace-public\/","url":"https:\/\/yvesgingras.uqam.ca\/en\/about-yves-gingras\/nominations-en\/integrite-scientifique-et-prises-de-parole-des-chercheurs-dans-lespace-public\/","name":"Int\u00e9grit\u00e9 scientifique et prises de parole des chercheurs dans l\u2019espace public - Yves Gingras - UQAM","isPartOf":{"@id":"https:\/\/yvesgingras.uqam.ca\/#website"},"datePublished":"2021-12-07T16:18:03+00:00","dateModified":"2021-12-14T14:39:51+00:00","author":{"@id":"https:\/\/yvesgingras.uqam.ca\/#\/schema\/person\/8be79c5166a87580801279b500c4754d"},"breadcrumb":{"@id":"https:\/\/yvesgingras.uqam.ca\/en\/about-yves-gingras\/nominations-en\/integrite-scientifique-et-prises-de-parole-des-chercheurs-dans-lespace-public\/#breadcrumb"},"inLanguage":"en-US","potentialAction":[{"@type":"ReadAction","target":["https:\/\/yvesgingras.uqam.ca\/en\/about-yves-gingras\/nominations-en\/integrite-scientifique-et-prises-de-parole-des-chercheurs-dans-lespace-public\/"]}]},{"@type":"BreadcrumbList","@id":"https:\/\/yvesgingras.uqam.ca\/en\/about-yves-gingras\/nominations-en\/integrite-scientifique-et-prises-de-parole-des-chercheurs-dans-lespace-public\/#breadcrumb","itemListElement":[{"@type":"ListItem","position":1,"name":"Accueil","item":"https:\/\/yvesgingras.uqam.ca\/"},{"@type":"ListItem","position":2,"name":"Int\u00e9grit\u00e9 scientifique et prises de parole des chercheurs dans l\u2019espace public"}]},{"@type":"WebSite","@id":"https:\/\/yvesgingras.uqam.ca\/#website","url":"https:\/\/yvesgingras.uqam.ca\/","name":"Yves Gingras","description":"","potentialAction":[{"@type":"SearchAction","target":{"@type":"EntryPoint","urlTemplate":"https:\/\/yvesgingras.uqam.ca\/?s={search_term_string}"},"query-input":{"@type":"PropertyValueSpecification","valueRequired":true,"valueName":"search_term_string"}}],"inLanguage":"en-US"},{"@type":"Person","@id":"https:\/\/yvesgingras.uqam.ca\/#\/schema\/person\/8be79c5166a87580801279b500c4754d","name":"Carlettini, H\u00e9l\u00e8ne","url":"https:\/\/yvesgingras.uqam.ca\/en\/author\/carlettini-heleneuqam-ca\/"}]}},"_links":{"self":[{"href":"https:\/\/yvesgingras.uqam.ca\/en\/wp-json\/wp\/v2\/posts\/5781","targetHints":{"allow":["GET"]}}],"collection":[{"href":"https:\/\/yvesgingras.uqam.ca\/en\/wp-json\/wp\/v2\/posts"}],"about":[{"href":"https:\/\/yvesgingras.uqam.ca\/en\/wp-json\/wp\/v2\/types\/post"}],"author":[{"embeddable":true,"href":"https:\/\/yvesgingras.uqam.ca\/en\/wp-json\/wp\/v2\/users\/688"}],"replies":[{"embeddable":true,"href":"https:\/\/yvesgingras.uqam.ca\/en\/wp-json\/wp\/v2\/comments?post=5781"}],"version-history":[{"count":2,"href":"https:\/\/yvesgingras.uqam.ca\/en\/wp-json\/wp\/v2\/posts\/5781\/revisions"}],"predecessor-version":[{"id":5810,"href":"https:\/\/yvesgingras.uqam.ca\/en\/wp-json\/wp\/v2\/posts\/5781\/revisions\/5810"}],"wp:attachment":[{"href":"https:\/\/yvesgingras.uqam.ca\/en\/wp-json\/wp\/v2\/media?parent=5781"}],"wp:term":[{"taxonomy":"category","embeddable":true,"href":"https:\/\/yvesgingras.uqam.ca\/en\/wp-json\/wp\/v2\/categories?post=5781"},{"taxonomy":"post_tag","embeddable":true,"href":"https:\/\/yvesgingras.uqam.ca\/en\/wp-json\/wp\/v2\/tags?post=5781"}],"curies":[{"name":"wp","href":"https:\/\/api.w.org\/{rel}","templated":true}]}}