{"id":5486,"date":"2021-08-25T09:28:46","date_gmt":"2021-08-25T13:28:46","guid":{"rendered":"https:\/\/yvesgingras.uqam.ca\/?p=5486"},"modified":"2022-01-12T14:05:55","modified_gmt":"2022-01-12T19:05:55","slug":"debut-des-travaux-de-la-%f0%9d%97%96%f0%9d%97%bc%f0%9d%97%ba%f0%9d%97%ba%f0%9d%97%b6%f0%9d%98%80%f0%9d%98%80%f0%9d%97%b6%f0%9d%97%bc%f0%9d%97%bb-%f0%9d%98%80%f0%9d%97%b0%f0%9d%97%b6%f0%9d%97%b2","status":"publish","type":"post","link":"https:\/\/yvesgingras.uqam.ca\/en\/medias-en\/debut-des-travaux-de-la-%f0%9d%97%96%f0%9d%97%bc%f0%9d%97%ba%f0%9d%97%ba%f0%9d%97%b6%f0%9d%98%80%f0%9d%98%80%f0%9d%97%b6%f0%9d%97%bc%f0%9d%97%bb-%f0%9d%98%80%f0%9d%97%b0%f0%9d%97%b6%f0%9d%97%b2\/","title":{"rendered":"D\u00e9but des travaux de la Commission scientifique et technique ind\u00e9pendante sur la reconnaissance de la libert\u00e9 acad\u00e9mique dans le milieu universitaire"},"content":{"rendered":"\n<p>Yves Gingras d\u00e9bute avec les membres du comit\u00e9 d\u2019experts sur la reconnaissance de la libert\u00e9 acad\u00e9mique, les auditions publiques de la \ud835\uddd6\ud835\uddfc\ud835\uddfa\ud835\uddfa\ud835\uddf6\ud835\ude00\ud835\ude00\ud835\uddf6\ud835\uddfc\ud835\uddfb \ud835\ude00\ud835\uddf0\ud835\uddf6\ud835\uddf2\ud835\uddfb\ud835\ude01\ud835\uddf6\ud835\uddf3\ud835\uddf6\ud835\uddfe\ud835\ude02\ud835\uddf2 \ud835\uddf2\ud835\ude01 \ud835\ude01\ud835\uddf2\ud835\uddf0\ud835\uddf5\ud835\uddfb\ud835\uddf6\ud835\uddfe\ud835\ude02\ud835\uddf2 \ud835\uddf6\ud835\uddfb\ud835\uddf1\ud835\uddf2\u0301\ud835\uddfd\ud835\uddf2\ud835\uddfb\ud835\uddf1\ud835\uddee\ud835\uddfb\ud835\ude01\ud835\uddf2 \ud835\ude00\ud835\ude02\ud835\uddff \ud835\uddf9\ud835\uddee \ud835\uddff\ud835\uddf2\ud835\uddf0\ud835\uddfc\ud835\uddfb\ud835\uddfb\ud835\uddee\ud835\uddf6\ud835\ude00\ud835\ude00\ud835\uddee\ud835\uddfb\ud835\uddf0\ud835\uddf2 \ud835\uddf1\ud835\uddf2 \ud835\uddf9\ud835\uddee \ud835\uddf9\ud835\uddf6\ud835\uddef\ud835\uddf2\ud835\uddff\ud835\ude01\ud835\uddf2\u0301 \ud835\uddee\ud835\uddf0\ud835\uddee\ud835\uddf1\ud835\uddf2\u0301\ud835\uddfa\ud835\uddf6\ud835\uddfe\ud835\ude02\ud835\uddf2 \ud835\uddf1\ud835\uddee\ud835\uddfb\ud835\ude00 \ud835\uddf9\ud835\uddf2 \ud835\uddfa\ud835\uddf6\ud835\uddf9\ud835\uddf6\ud835\uddf2\ud835\ude02 \ud835\ude02\ud835\uddfb\ud835\uddf6\ud835\ude03\ud835\uddf2\ud835\uddff\ud835\ude00\ud835\uddf6\ud835\ude01\ud835\uddee\ud835\uddf6\ud835\uddff\ud835\uddf2.<\/p>\n\n\n\n<p>Cr\u00e9e par le&nbsp;<a href=\"https:\/\/www.lapresse.ca\/actualites\/education\/2021-03-23\/comite-sur-la-liberte-academique\/danielle-mccann-s-inquiete-du-phenomene-de-l-autocensure.php\">gouvernement<\/a>&nbsp;du Qu\u00e9bec ce comit\u00e9 d\u2019experts est charg\u00e9&nbsp; d\u2019\u00e9tudier la question.&nbsp;Le comit\u00e9 a re\u00e7u un grand nombre de m\u00e9moire \u00e0 la suite d&#8217;un appel public. Ce comit\u00e9 est pr\u00e9sid\u00e9 par&nbsp;<a href=\"https:\/\/ici.radio-canada.ca\/nouvelle\/1779280\/comite-experts-liberte-academique-universite-alexandre-cloutier\">Alexandre Cloutier<\/a>.<\/p>\n\n\n\n<p>Apr\u00e8s les consultations, le comit\u00e9 formulera des recommandations.<\/p>\n\n\n\n<ul class=\"wp-block-list\"><li><a href=\"https:\/\/l.facebook.com\/l.php?u=https%3A%2F%2Fwww.quebec.ca%2Fgouv%2Fministere%2Fenseignement-superieur%2Forganismes-lies%2Fcommission-reconnaissance-liberte-academique%3Ffbclid%3DIwAR1gXp_pH3ZIkR9RVxQKJJDD1LAI7O9L1ok6XhAy23LbFtvV43h1FTZRvdE&amp;h=AT1BY1dMbtjww4muQg8ZjqSmZ37xcHjWy3-dFqElGN8gRHfT8DYIcK4_V3ZIlmQc-cjeoiOFgQTNBk3mmIFsFgSntkyzkdFGpGDal5e9Cfv6zDImYRCeChK3r3CDX2x-XA&amp;__tn__=-UK-R&amp;c[0]=AT3lonXJT0xCaHo_6AfeFlGxu-mRVTBWc87vJHoT3bIRbBM0sgpoNvX26SHXQvk_3kHa1IvqLFfbJEbagUH9mucbu-k8KUbeK2wgo9bLJlNFKZItV3XKjg42aFQaUI6pq6rkuNSPTUgG7ckLolKAWuVEjZAEfbviJJkpHRT2dbY62dWeD36t\" target=\"_blank\" rel=\"noreferrer noopener\">Consulter<\/a> les m\u00e9moires et l\u2019horaire<\/li><li><a href=\"https:\/\/l.facebook.com\/l.php?u=https%3A%2F%2Fwww.youtube.com%2Fchannel%2FUCgcPCv5VQhsAY3vNNoH6Zrw%3Ffbclid%3DIwAR24tZ2q-ypSJQAw-iRsazlx0qCfgDI3JE1PN3xeCWEX7_u5H3uj5EYq2cs&amp;h=AT2keUpgHcqra8CVBnx6arueaotz1vPqKt-Ztn6lJD6cBX0Ud5L6Crr2pyeDN--SdSNdh7JG0fj7pQMyFrEdwBArsxFSq8UImW2UK1rpeTXCmn-mPEhkXY9-8B72-sbCvw&amp;__tn__=-UK-R&amp;c[0]=AT3lonXJT0xCaHo_6AfeFlGxu-mRVTBWc87vJHoT3bIRbBM0sgpoNvX26SHXQvk_3kHa1IvqLFfbJEbagUH9mucbu-k8KUbeK2wgo9bLJlNFKZItV3XKjg42aFQaUI6pq6rkuNSPTUgG7ckLolKAWuVEjZAEfbviJJkpHRT2dbY62dWeD36t\" target=\"_blank\" rel=\"noreferrer noopener\">Visionner<\/a> les audiences en direct<\/li><\/ul>\n\n\n\n<p><\/p>\n","protected":false},"excerpt":{"rendered":"<p>Ao\u00fbt 2021.Commission scientifique et technique ind\u00e9pendante sur la reconnaissance de la libert\u00e9 acad\u00e9mique dans le milieu universitaire.<\/p>\n","protected":false},"author":688,"featured_media":0,"comment_status":"closed","ping_status":"closed","sticky":false,"template":"","format":"standard","meta":{"_editorskit_title_hidden":false,"_editorskit_reading_time":0,"_editorskit_is_block_options_detached":false,"_editorskit_block_options_position":"{}","footnotes":""},"categories":[50,35,43],"tags":[],"class_list":["post-5486","post","type-post","status-publish","format-standard","hentry","category-about-yves-gingras","category-medias-en","category-presse-ecrite-en"],"yoast_head":"<!-- This site is optimized with the Yoast SEO plugin v27.5 - https:\/\/yoast.com\/product\/yoast-seo-wordpress\/ -->\n<title>D\u00e9but des travaux de la Commission scientifique et technique ind\u00e9pendante sur la reconnaissance de la libert\u00e9 acad\u00e9mique dans le milieu universitaire - Yves Gingras - UQAM<\/title>\n<meta name=\"robots\" content=\"index, follow, max-snippet:-1, max-image-preview:large, max-video-preview:-1\" \/>\n<link rel=\"canonical\" href=\"https:\/\/yvesgingras.uqam.ca\/en\/medias-en\/debut-des-travaux-de-la-\ud835\uddd6\ud835\uddfc\ud835\uddfa\ud835\uddfa\ud835\uddf6\ud835\ude00\ud835\ude00\ud835\uddf6\ud835\uddfc\ud835\uddfb-\ud835\ude00\ud835\uddf0\ud835\uddf6\ud835\uddf2\/\" \/>\n<meta property=\"og:locale\" content=\"en_US\" \/>\n<meta property=\"og:type\" content=\"article\" \/>\n<meta property=\"og:title\" content=\"D\u00e9but des travaux de la Commission scientifique et technique ind\u00e9pendante sur la reconnaissance de la libert\u00e9 acad\u00e9mique dans le milieu universitaire - Yves Gingras - UQAM\" \/>\n<meta property=\"og:description\" content=\"Ao\u00fbt 2021.Commission scientifique et technique ind\u00e9pendante sur la reconnaissance de la libert\u00e9 acad\u00e9mique dans le milieu universitaire.\" \/>\n<meta property=\"og:url\" content=\"https:\/\/yvesgingras.uqam.ca\/en\/medias-en\/debut-des-travaux-de-la-\ud835\uddd6\ud835\uddfc\ud835\uddfa\ud835\uddfa\ud835\uddf6\ud835\ude00\ud835\ude00\ud835\uddf6\ud835\uddfc\ud835\uddfb-\ud835\ude00\ud835\uddf0\ud835\uddf6\ud835\uddf2\/\" \/>\n<meta property=\"og:site_name\" content=\"Yves Gingras\" \/>\n<meta property=\"article:published_time\" content=\"2021-08-25T13:28:46+00:00\" \/>\n<meta property=\"article:modified_time\" content=\"2022-01-12T19:05:55+00:00\" \/>\n<meta name=\"author\" content=\"Carlettini, H\u00e9l\u00e8ne\" \/>\n<meta name=\"twitter:card\" content=\"summary_large_image\" \/>\n<meta name=\"twitter:label1\" content=\"Written by\" \/>\n\t<meta name=\"twitter:data1\" content=\"Carlettini, H\u00e9l\u00e8ne\" \/>\n\t<meta name=\"twitter:label2\" content=\"Est. reading time\" \/>\n\t<meta name=\"twitter:data2\" content=\"1 minute\" \/>\n<script type=\"application\/ld+json\" class=\"yoast-schema-graph\">{\"@context\":\"https:\\\/\\\/schema.org\",\"@graph\":[{\"@type\":\"Article\",\"@id\":\"https:\\\/\\\/yvesgingras.uqam.ca\\\/en\\\/medias-en\\\/debut-des-travaux-de-la-%f0%9d%97%96%f0%9d%97%bc%f0%9d%97%ba%f0%9d%97%ba%f0%9d%97%b6%f0%9d%98%80%f0%9d%98%80%f0%9d%97%b6%f0%9d%97%bc%f0%9d%97%bb-%f0%9d%98%80%f0%9d%97%b0%f0%9d%97%b6%f0%9d%97%b2\\\/#article\",\"isPartOf\":{\"@id\":\"https:\\\/\\\/yvesgingras.uqam.ca\\\/en\\\/medias-en\\\/debut-des-travaux-de-la-%f0%9d%97%96%f0%9d%97%bc%f0%9d%97%ba%f0%9d%97%ba%f0%9d%97%b6%f0%9d%98%80%f0%9d%98%80%f0%9d%97%b6%f0%9d%97%bc%f0%9d%97%bb-%f0%9d%98%80%f0%9d%97%b0%f0%9d%97%b6%f0%9d%97%b2\\\/\"},\"author\":{\"name\":\"Carlettini, H\u00e9l\u00e8ne\",\"@id\":\"https:\\\/\\\/yvesgingras.uqam.ca\\\/#\\\/schema\\\/person\\\/8be79c5166a87580801279b500c4754d\"},\"headline\":\"D\u00e9but des travaux de la Commission scientifique et technique ind\u00e9pendante sur la reconnaissance de la libert\u00e9 acad\u00e9mique dans le milieu universitaire\",\"datePublished\":\"2021-08-25T13:28:46+00:00\",\"dateModified\":\"2022-01-12T19:05:55+00:00\",\"mainEntityOfPage\":{\"@id\":\"https:\\\/\\\/yvesgingras.uqam.ca\\\/en\\\/medias-en\\\/debut-des-travaux-de-la-%f0%9d%97%96%f0%9d%97%bc%f0%9d%97%ba%f0%9d%97%ba%f0%9d%97%b6%f0%9d%98%80%f0%9d%98%80%f0%9d%97%b6%f0%9d%97%bc%f0%9d%97%bb-%f0%9d%98%80%f0%9d%97%b0%f0%9d%97%b6%f0%9d%97%b2\\\/\"},\"wordCount\":117,\"articleSection\":[\"About Yves Gingras\",\"M\u00e9dias\",\"Presse \u00e9crite\"],\"inLanguage\":\"en-US\"},{\"@type\":\"WebPage\",\"@id\":\"https:\\\/\\\/yvesgingras.uqam.ca\\\/en\\\/medias-en\\\/debut-des-travaux-de-la-%f0%9d%97%96%f0%9d%97%bc%f0%9d%97%ba%f0%9d%97%ba%f0%9d%97%b6%f0%9d%98%80%f0%9d%98%80%f0%9d%97%b6%f0%9d%97%bc%f0%9d%97%bb-%f0%9d%98%80%f0%9d%97%b0%f0%9d%97%b6%f0%9d%97%b2\\\/\",\"url\":\"https:\\\/\\\/yvesgingras.uqam.ca\\\/en\\\/medias-en\\\/debut-des-travaux-de-la-%f0%9d%97%96%f0%9d%97%bc%f0%9d%97%ba%f0%9d%97%ba%f0%9d%97%b6%f0%9d%98%80%f0%9d%98%80%f0%9d%97%b6%f0%9d%97%bc%f0%9d%97%bb-%f0%9d%98%80%f0%9d%97%b0%f0%9d%97%b6%f0%9d%97%b2\\\/\",\"name\":\"D\u00e9but des travaux de la Commission scientifique et technique ind\u00e9pendante sur la reconnaissance de la libert\u00e9 acad\u00e9mique dans le milieu universitaire - Yves Gingras - UQAM\",\"isPartOf\":{\"@id\":\"https:\\\/\\\/yvesgingras.uqam.ca\\\/#website\"},\"datePublished\":\"2021-08-25T13:28:46+00:00\",\"dateModified\":\"2022-01-12T19:05:55+00:00\",\"author\":{\"@id\":\"https:\\\/\\\/yvesgingras.uqam.ca\\\/#\\\/schema\\\/person\\\/8be79c5166a87580801279b500c4754d\"},\"breadcrumb\":{\"@id\":\"https:\\\/\\\/yvesgingras.uqam.ca\\\/en\\\/medias-en\\\/debut-des-travaux-de-la-%f0%9d%97%96%f0%9d%97%bc%f0%9d%97%ba%f0%9d%97%ba%f0%9d%97%b6%f0%9d%98%80%f0%9d%98%80%f0%9d%97%b6%f0%9d%97%bc%f0%9d%97%bb-%f0%9d%98%80%f0%9d%97%b0%f0%9d%97%b6%f0%9d%97%b2\\\/#breadcrumb\"},\"inLanguage\":\"en-US\",\"potentialAction\":[{\"@type\":\"ReadAction\",\"target\":[\"https:\\\/\\\/yvesgingras.uqam.ca\\\/en\\\/medias-en\\\/debut-des-travaux-de-la-%f0%9d%97%96%f0%9d%97%bc%f0%9d%97%ba%f0%9d%97%ba%f0%9d%97%b6%f0%9d%98%80%f0%9d%98%80%f0%9d%97%b6%f0%9d%97%bc%f0%9d%97%bb-%f0%9d%98%80%f0%9d%97%b0%f0%9d%97%b6%f0%9d%97%b2\\\/\"]}]},{\"@type\":\"BreadcrumbList\",\"@id\":\"https:\\\/\\\/yvesgingras.uqam.ca\\\/en\\\/medias-en\\\/debut-des-travaux-de-la-%f0%9d%97%96%f0%9d%97%bc%f0%9d%97%ba%f0%9d%97%ba%f0%9d%97%b6%f0%9d%98%80%f0%9d%98%80%f0%9d%97%b6%f0%9d%97%bc%f0%9d%97%bb-%f0%9d%98%80%f0%9d%97%b0%f0%9d%97%b6%f0%9d%97%b2\\\/#breadcrumb\",\"itemListElement\":[{\"@type\":\"ListItem\",\"position\":1,\"name\":\"Accueil\",\"item\":\"https:\\\/\\\/yvesgingras.uqam.ca\\\/\"},{\"@type\":\"ListItem\",\"position\":2,\"name\":\"D\u00e9but des travaux de la Commission scientifique et technique ind\u00e9pendante sur la reconnaissance de la libert\u00e9 acad\u00e9mique dans le milieu universitaire\"}]},{\"@type\":\"WebSite\",\"@id\":\"https:\\\/\\\/yvesgingras.uqam.ca\\\/#website\",\"url\":\"https:\\\/\\\/yvesgingras.uqam.ca\\\/\",\"name\":\"Yves Gingras\",\"description\":\"\",\"potentialAction\":[{\"@type\":\"SearchAction\",\"target\":{\"@type\":\"EntryPoint\",\"urlTemplate\":\"https:\\\/\\\/yvesgingras.uqam.ca\\\/?s={search_term_string}\"},\"query-input\":{\"@type\":\"PropertyValueSpecification\",\"valueRequired\":true,\"valueName\":\"search_term_string\"}}],\"inLanguage\":\"en-US\"},{\"@type\":\"Person\",\"@id\":\"https:\\\/\\\/yvesgingras.uqam.ca\\\/#\\\/schema\\\/person\\\/8be79c5166a87580801279b500c4754d\",\"name\":\"Carlettini, H\u00e9l\u00e8ne\",\"url\":\"https:\\\/\\\/yvesgingras.uqam.ca\\\/en\\\/author\\\/carlettini-heleneuqam-ca\\\/\"}]}<\/script>\n<!-- \/ Yoast SEO plugin. -->","yoast_head_json":{"title":"D\u00e9but des travaux de la Commission scientifique et technique ind\u00e9pendante sur la reconnaissance de la libert\u00e9 acad\u00e9mique dans le milieu universitaire - Yves Gingras - UQAM","robots":{"index":"index","follow":"follow","max-snippet":"max-snippet:-1","max-image-preview":"max-image-preview:large","max-video-preview":"max-video-preview:-1"},"canonical":"https:\/\/yvesgingras.uqam.ca\/en\/medias-en\/debut-des-travaux-de-la-\ud835\uddd6\ud835\uddfc\ud835\uddfa\ud835\uddfa\ud835\uddf6\ud835\ude00\ud835\ude00\ud835\uddf6\ud835\uddfc\ud835\uddfb-\ud835\ude00\ud835\uddf0\ud835\uddf6\ud835\uddf2\/","og_locale":"en_US","og_type":"article","og_title":"D\u00e9but des travaux de la Commission scientifique et technique ind\u00e9pendante sur la reconnaissance de la libert\u00e9 acad\u00e9mique dans le milieu universitaire - Yves Gingras - UQAM","og_description":"Ao\u00fbt 2021.Commission scientifique et technique ind\u00e9pendante sur la reconnaissance de la libert\u00e9 acad\u00e9mique dans le milieu universitaire.","og_url":"https:\/\/yvesgingras.uqam.ca\/en\/medias-en\/debut-des-travaux-de-la-\ud835\uddd6\ud835\uddfc\ud835\uddfa\ud835\uddfa\ud835\uddf6\ud835\ude00\ud835\ude00\ud835\uddf6\ud835\uddfc\ud835\uddfb-\ud835\ude00\ud835\uddf0\ud835\uddf6\ud835\uddf2\/","og_site_name":"Yves Gingras","article_published_time":"2021-08-25T13:28:46+00:00","article_modified_time":"2022-01-12T19:05:55+00:00","author":"Carlettini, H\u00e9l\u00e8ne","twitter_card":"summary_large_image","twitter_misc":{"Written by":"Carlettini, H\u00e9l\u00e8ne","Est. reading time":"1 minute"},"schema":{"@context":"https:\/\/schema.org","@graph":[{"@type":"Article","@id":"https:\/\/yvesgingras.uqam.ca\/en\/medias-en\/debut-des-travaux-de-la-%f0%9d%97%96%f0%9d%97%bc%f0%9d%97%ba%f0%9d%97%ba%f0%9d%97%b6%f0%9d%98%80%f0%9d%98%80%f0%9d%97%b6%f0%9d%97%bc%f0%9d%97%bb-%f0%9d%98%80%f0%9d%97%b0%f0%9d%97%b6%f0%9d%97%b2\/#article","isPartOf":{"@id":"https:\/\/yvesgingras.uqam.ca\/en\/medias-en\/debut-des-travaux-de-la-%f0%9d%97%96%f0%9d%97%bc%f0%9d%97%ba%f0%9d%97%ba%f0%9d%97%b6%f0%9d%98%80%f0%9d%98%80%f0%9d%97%b6%f0%9d%97%bc%f0%9d%97%bb-%f0%9d%98%80%f0%9d%97%b0%f0%9d%97%b6%f0%9d%97%b2\/"},"author":{"name":"Carlettini, H\u00e9l\u00e8ne","@id":"https:\/\/yvesgingras.uqam.ca\/#\/schema\/person\/8be79c5166a87580801279b500c4754d"},"headline":"D\u00e9but des travaux de la Commission scientifique et technique ind\u00e9pendante sur la reconnaissance de la libert\u00e9 acad\u00e9mique dans le milieu universitaire","datePublished":"2021-08-25T13:28:46+00:00","dateModified":"2022-01-12T19:05:55+00:00","mainEntityOfPage":{"@id":"https:\/\/yvesgingras.uqam.ca\/en\/medias-en\/debut-des-travaux-de-la-%f0%9d%97%96%f0%9d%97%bc%f0%9d%97%ba%f0%9d%97%ba%f0%9d%97%b6%f0%9d%98%80%f0%9d%98%80%f0%9d%97%b6%f0%9d%97%bc%f0%9d%97%bb-%f0%9d%98%80%f0%9d%97%b0%f0%9d%97%b6%f0%9d%97%b2\/"},"wordCount":117,"articleSection":["About Yves Gingras","M\u00e9dias","Presse \u00e9crite"],"inLanguage":"en-US"},{"@type":"WebPage","@id":"https:\/\/yvesgingras.uqam.ca\/en\/medias-en\/debut-des-travaux-de-la-%f0%9d%97%96%f0%9d%97%bc%f0%9d%97%ba%f0%9d%97%ba%f0%9d%97%b6%f0%9d%98%80%f0%9d%98%80%f0%9d%97%b6%f0%9d%97%bc%f0%9d%97%bb-%f0%9d%98%80%f0%9d%97%b0%f0%9d%97%b6%f0%9d%97%b2\/","url":"https:\/\/yvesgingras.uqam.ca\/en\/medias-en\/debut-des-travaux-de-la-%f0%9d%97%96%f0%9d%97%bc%f0%9d%97%ba%f0%9d%97%ba%f0%9d%97%b6%f0%9d%98%80%f0%9d%98%80%f0%9d%97%b6%f0%9d%97%bc%f0%9d%97%bb-%f0%9d%98%80%f0%9d%97%b0%f0%9d%97%b6%f0%9d%97%b2\/","name":"D\u00e9but des travaux de la Commission scientifique et technique ind\u00e9pendante sur la reconnaissance de la libert\u00e9 acad\u00e9mique dans le milieu universitaire - Yves Gingras - UQAM","isPartOf":{"@id":"https:\/\/yvesgingras.uqam.ca\/#website"},"datePublished":"2021-08-25T13:28:46+00:00","dateModified":"2022-01-12T19:05:55+00:00","author":{"@id":"https:\/\/yvesgingras.uqam.ca\/#\/schema\/person\/8be79c5166a87580801279b500c4754d"},"breadcrumb":{"@id":"https:\/\/yvesgingras.uqam.ca\/en\/medias-en\/debut-des-travaux-de-la-%f0%9d%97%96%f0%9d%97%bc%f0%9d%97%ba%f0%9d%97%ba%f0%9d%97%b6%f0%9d%98%80%f0%9d%98%80%f0%9d%97%b6%f0%9d%97%bc%f0%9d%97%bb-%f0%9d%98%80%f0%9d%97%b0%f0%9d%97%b6%f0%9d%97%b2\/#breadcrumb"},"inLanguage":"en-US","potentialAction":[{"@type":"ReadAction","target":["https:\/\/yvesgingras.uqam.ca\/en\/medias-en\/debut-des-travaux-de-la-%f0%9d%97%96%f0%9d%97%bc%f0%9d%97%ba%f0%9d%97%ba%f0%9d%97%b6%f0%9d%98%80%f0%9d%98%80%f0%9d%97%b6%f0%9d%97%bc%f0%9d%97%bb-%f0%9d%98%80%f0%9d%97%b0%f0%9d%97%b6%f0%9d%97%b2\/"]}]},{"@type":"BreadcrumbList","@id":"https:\/\/yvesgingras.uqam.ca\/en\/medias-en\/debut-des-travaux-de-la-%f0%9d%97%96%f0%9d%97%bc%f0%9d%97%ba%f0%9d%97%ba%f0%9d%97%b6%f0%9d%98%80%f0%9d%98%80%f0%9d%97%b6%f0%9d%97%bc%f0%9d%97%bb-%f0%9d%98%80%f0%9d%97%b0%f0%9d%97%b6%f0%9d%97%b2\/#breadcrumb","itemListElement":[{"@type":"ListItem","position":1,"name":"Accueil","item":"https:\/\/yvesgingras.uqam.ca\/"},{"@type":"ListItem","position":2,"name":"D\u00e9but des travaux de la Commission scientifique et technique ind\u00e9pendante sur la reconnaissance de la libert\u00e9 acad\u00e9mique dans le milieu universitaire"}]},{"@type":"WebSite","@id":"https:\/\/yvesgingras.uqam.ca\/#website","url":"https:\/\/yvesgingras.uqam.ca\/","name":"Yves Gingras","description":"","potentialAction":[{"@type":"SearchAction","target":{"@type":"EntryPoint","urlTemplate":"https:\/\/yvesgingras.uqam.ca\/?s={search_term_string}"},"query-input":{"@type":"PropertyValueSpecification","valueRequired":true,"valueName":"search_term_string"}}],"inLanguage":"en-US"},{"@type":"Person","@id":"https:\/\/yvesgingras.uqam.ca\/#\/schema\/person\/8be79c5166a87580801279b500c4754d","name":"Carlettini, H\u00e9l\u00e8ne","url":"https:\/\/yvesgingras.uqam.ca\/en\/author\/carlettini-heleneuqam-ca\/"}]}},"_links":{"self":[{"href":"https:\/\/yvesgingras.uqam.ca\/en\/wp-json\/wp\/v2\/posts\/5486","targetHints":{"allow":["GET"]}}],"collection":[{"href":"https:\/\/yvesgingras.uqam.ca\/en\/wp-json\/wp\/v2\/posts"}],"about":[{"href":"https:\/\/yvesgingras.uqam.ca\/en\/wp-json\/wp\/v2\/types\/post"}],"author":[{"embeddable":true,"href":"https:\/\/yvesgingras.uqam.ca\/en\/wp-json\/wp\/v2\/users\/688"}],"replies":[{"embeddable":true,"href":"https:\/\/yvesgingras.uqam.ca\/en\/wp-json\/wp\/v2\/comments?post=5486"}],"version-history":[{"count":7,"href":"https:\/\/yvesgingras.uqam.ca\/en\/wp-json\/wp\/v2\/posts\/5486\/revisions"}],"predecessor-version":[{"id":5794,"href":"https:\/\/yvesgingras.uqam.ca\/en\/wp-json\/wp\/v2\/posts\/5486\/revisions\/5794"}],"wp:attachment":[{"href":"https:\/\/yvesgingras.uqam.ca\/en\/wp-json\/wp\/v2\/media?parent=5486"}],"wp:term":[{"taxonomy":"category","embeddable":true,"href":"https:\/\/yvesgingras.uqam.ca\/en\/wp-json\/wp\/v2\/categories?post=5486"},{"taxonomy":"post_tag","embeddable":true,"href":"https:\/\/yvesgingras.uqam.ca\/en\/wp-json\/wp\/v2\/tags?post=5486"}],"curies":[{"name":"wp","href":"https:\/\/api.w.org\/{rel}","templated":true}]}}