{"id":4519,"date":"2020-06-15T09:50:27","date_gmt":"2020-06-15T13:50:27","guid":{"rendered":"https:\/\/wwd-yvesgingras.uqam.ca\/uncategorized\/des-technocrates-aux-algocrates\/"},"modified":"2020-06-15T09:50:27","modified_gmt":"2020-06-15T13:50:27","slug":"des-technocrates-aux-algocrates","status":"publish","type":"post","link":"https:\/\/yvesgingras.uqam.ca\/en\/medias-en\/des-technocrates-aux-algocrates\/","title":{"rendered":"Des technocrates aux algocrates"},"content":{"rendered":"\n<div style=\"height:20px\" aria-hidden=\"true\" class=\"wp-block-spacer\"><\/div>\n\n\n\n<div class=\"wp-block-media-text alignwide\" style=\"grid-template-columns:22% auto\"><figure class=\"wp-block-media-text__media\"><img loading=\"lazy\" decoding=\"async\" width=\"750\" height=\"151\" src=\"https:\/\/yvesgingras.uqam.ca\/wp-content\/uploads\/sites\/150\/logo_ledevoir-27.png\" alt=\"\" class=\"wp-image-3506\" srcset=\"https:\/\/yvesgingras.uqam.ca\/wp-content\/uploads\/sites\/150\/logo_ledevoir-27.png 750w, https:\/\/yvesgingras.uqam.ca\/wp-content\/uploads\/sites\/150\/logo_ledevoir-27-300x60.png 300w\" sizes=\"auto, (max-width: 750px) 100vw, 750px\" \/><\/figure><div class=\"wp-block-media-text__content\">\n<p>Pour les technocrates, le remplacement des politiciens par des ing\u00e9nieurs devait mener \u00e0 un gouvernement objectif et plus efficace. Les algocrates promettent quant \u00e0 eux de d\u00e9l\u00e9guer les d\u00e9cisions politiques \u00e0 des algorithmes. Ces deux projets de soci\u00e9t\u00e9 se basent sur une vision tronqu\u00e9e de la technologie et de la politique, selon Yves\u00a0<strong>Gingras<\/strong>.<\/p>\n\n\n\n<p><strong><a href=\"https:\/\/www.ledevoir.com\/societe\/le-devoir-de-philo-histoire\/580735\/des-technocrates-aux-algocrates\"> \u00bb Article<\/a><\/strong><\/p>\n\n\n\n<p>Le Devoir, 13 juin 2020<\/p>\n<\/div><\/div>\n","protected":false},"excerpt":{"rendered":"<p>Des technocrates aux algocrates. Le Devoir, 13 juin 2020<\/p>\n","protected":false},"author":596,"featured_media":0,"comment_status":"closed","ping_status":"closed","sticky":false,"template":"","format":"standard","meta":{"_editorskit_title_hidden":false,"_editorskit_reading_time":0,"_editorskit_is_block_options_detached":false,"_editorskit_block_options_position":"{}","footnotes":""},"categories":[35,43],"tags":[],"class_list":["post-4519","post","type-post","status-publish","format-standard","hentry","category-medias-en","category-presse-ecrite-en"],"yoast_head":"<!-- This site is optimized with the Yoast SEO plugin v27.4 - https:\/\/yoast.com\/product\/yoast-seo-wordpress\/ -->\n<title>Des technocrates aux algocrates - Yves Gingras - UQAM<\/title>\n<meta name=\"robots\" content=\"index, follow, max-snippet:-1, max-image-preview:large, max-video-preview:-1\" \/>\n<link rel=\"canonical\" href=\"https:\/\/yvesgingras.uqam.ca\/en\/medias-en\/des-technocrates-aux-algocrates\/\" \/>\n<meta property=\"og:locale\" content=\"en_US\" \/>\n<meta property=\"og:type\" content=\"article\" \/>\n<meta property=\"og:title\" content=\"Des technocrates aux algocrates - Yves Gingras - UQAM\" \/>\n<meta property=\"og:description\" content=\"Des technocrates aux algocrates. Le Devoir, 13 juin 2020\" \/>\n<meta property=\"og:url\" content=\"https:\/\/yvesgingras.uqam.ca\/en\/medias-en\/des-technocrates-aux-algocrates\/\" \/>\n<meta property=\"og:site_name\" content=\"Yves Gingras\" \/>\n<meta property=\"article:published_time\" content=\"2020-06-15T13:50:27+00:00\" \/>\n<meta property=\"og:image\" content=\"https:\/\/yvesgingras.uqam.ca\/wp-content\/uploads\/sites\/150\/logo_ledevoir-27.png\" \/>\n<meta name=\"author\" content=\"hattonproulx\" \/>\n<meta name=\"twitter:card\" content=\"summary_large_image\" \/>\n<meta name=\"twitter:label1\" content=\"Written by\" \/>\n\t<meta name=\"twitter:data1\" content=\"hattonproulx\" \/>\n<script type=\"application\/ld+json\" class=\"yoast-schema-graph\">{\"@context\":\"https:\\\/\\\/schema.org\",\"@graph\":[{\"@type\":\"Article\",\"@id\":\"https:\\\/\\\/yvesgingras.uqam.ca\\\/en\\\/medias-en\\\/des-technocrates-aux-algocrates\\\/#article\",\"isPartOf\":{\"@id\":\"https:\\\/\\\/yvesgingras.uqam.ca\\\/en\\\/medias-en\\\/des-technocrates-aux-algocrates\\\/\"},\"author\":{\"name\":\"hattonproulx\",\"@id\":\"https:\\\/\\\/yvesgingras.uqam.ca\\\/#\\\/schema\\\/person\\\/b3c64dd9d67ed264693d4246916f58bd\"},\"headline\":\"Des technocrates aux algocrates\",\"datePublished\":\"2020-06-15T13:50:27+00:00\",\"mainEntityOfPage\":{\"@id\":\"https:\\\/\\\/yvesgingras.uqam.ca\\\/en\\\/medias-en\\\/des-technocrates-aux-algocrates\\\/\"},\"wordCount\":65,\"image\":{\"@id\":\"https:\\\/\\\/yvesgingras.uqam.ca\\\/en\\\/medias-en\\\/des-technocrates-aux-algocrates\\\/#primaryimage\"},\"thumbnailUrl\":\"https:\\\/\\\/yvesgingras.uqam.ca\\\/wp-content\\\/uploads\\\/sites\\\/150\\\/logo_ledevoir-27.png\",\"articleSection\":[\"M\u00e9dias\",\"Presse \u00e9crite\"],\"inLanguage\":\"en-US\"},{\"@type\":\"WebPage\",\"@id\":\"https:\\\/\\\/yvesgingras.uqam.ca\\\/en\\\/medias-en\\\/des-technocrates-aux-algocrates\\\/\",\"url\":\"https:\\\/\\\/yvesgingras.uqam.ca\\\/en\\\/medias-en\\\/des-technocrates-aux-algocrates\\\/\",\"name\":\"Des technocrates aux algocrates - Yves Gingras - UQAM\",\"isPartOf\":{\"@id\":\"https:\\\/\\\/yvesgingras.uqam.ca\\\/#website\"},\"primaryImageOfPage\":{\"@id\":\"https:\\\/\\\/yvesgingras.uqam.ca\\\/en\\\/medias-en\\\/des-technocrates-aux-algocrates\\\/#primaryimage\"},\"image\":{\"@id\":\"https:\\\/\\\/yvesgingras.uqam.ca\\\/en\\\/medias-en\\\/des-technocrates-aux-algocrates\\\/#primaryimage\"},\"thumbnailUrl\":\"https:\\\/\\\/yvesgingras.uqam.ca\\\/wp-content\\\/uploads\\\/sites\\\/150\\\/logo_ledevoir-27.png\",\"datePublished\":\"2020-06-15T13:50:27+00:00\",\"author\":{\"@id\":\"https:\\\/\\\/yvesgingras.uqam.ca\\\/#\\\/schema\\\/person\\\/b3c64dd9d67ed264693d4246916f58bd\"},\"breadcrumb\":{\"@id\":\"https:\\\/\\\/yvesgingras.uqam.ca\\\/en\\\/medias-en\\\/des-technocrates-aux-algocrates\\\/#breadcrumb\"},\"inLanguage\":\"en-US\",\"potentialAction\":[{\"@type\":\"ReadAction\",\"target\":[\"https:\\\/\\\/yvesgingras.uqam.ca\\\/en\\\/medias-en\\\/des-technocrates-aux-algocrates\\\/\"]}]},{\"@type\":\"ImageObject\",\"inLanguage\":\"en-US\",\"@id\":\"https:\\\/\\\/yvesgingras.uqam.ca\\\/en\\\/medias-en\\\/des-technocrates-aux-algocrates\\\/#primaryimage\",\"url\":\"https:\\\/\\\/yvesgingras.uqam.ca\\\/wp-content\\\/uploads\\\/sites\\\/150\\\/logo_ledevoir-27.png\",\"contentUrl\":\"https:\\\/\\\/yvesgingras.uqam.ca\\\/wp-content\\\/uploads\\\/sites\\\/150\\\/logo_ledevoir-27.png\"},{\"@type\":\"BreadcrumbList\",\"@id\":\"https:\\\/\\\/yvesgingras.uqam.ca\\\/en\\\/medias-en\\\/des-technocrates-aux-algocrates\\\/#breadcrumb\",\"itemListElement\":[{\"@type\":\"ListItem\",\"position\":1,\"name\":\"Accueil\",\"item\":\"https:\\\/\\\/yvesgingras.uqam.ca\\\/\"},{\"@type\":\"ListItem\",\"position\":2,\"name\":\"Des technocrates aux algocrates\"}]},{\"@type\":\"WebSite\",\"@id\":\"https:\\\/\\\/yvesgingras.uqam.ca\\\/#website\",\"url\":\"https:\\\/\\\/yvesgingras.uqam.ca\\\/\",\"name\":\"Yves Gingras\",\"description\":\"\",\"potentialAction\":[{\"@type\":\"SearchAction\",\"target\":{\"@type\":\"EntryPoint\",\"urlTemplate\":\"https:\\\/\\\/yvesgingras.uqam.ca\\\/?s={search_term_string}\"},\"query-input\":{\"@type\":\"PropertyValueSpecification\",\"valueRequired\":true,\"valueName\":\"search_term_string\"}}],\"inLanguage\":\"en-US\"},{\"@type\":\"Person\",\"@id\":\"https:\\\/\\\/yvesgingras.uqam.ca\\\/#\\\/schema\\\/person\\\/b3c64dd9d67ed264693d4246916f58bd\",\"name\":\"hattonproulx\",\"url\":\"https:\\\/\\\/yvesgingras.uqam.ca\\\/en\\\/author\\\/hattonproulx\\\/\"}]}<\/script>\n<!-- \/ Yoast SEO plugin. -->","yoast_head_json":{"title":"Des technocrates aux algocrates - Yves Gingras - UQAM","robots":{"index":"index","follow":"follow","max-snippet":"max-snippet:-1","max-image-preview":"max-image-preview:large","max-video-preview":"max-video-preview:-1"},"canonical":"https:\/\/yvesgingras.uqam.ca\/en\/medias-en\/des-technocrates-aux-algocrates\/","og_locale":"en_US","og_type":"article","og_title":"Des technocrates aux algocrates - Yves Gingras - UQAM","og_description":"Des technocrates aux algocrates. Le Devoir, 13 juin 2020","og_url":"https:\/\/yvesgingras.uqam.ca\/en\/medias-en\/des-technocrates-aux-algocrates\/","og_site_name":"Yves Gingras","article_published_time":"2020-06-15T13:50:27+00:00","og_image":[{"url":"https:\/\/yvesgingras.uqam.ca\/wp-content\/uploads\/sites\/150\/logo_ledevoir-27.png","type":"","width":"","height":""}],"author":"hattonproulx","twitter_card":"summary_large_image","twitter_misc":{"Written by":"hattonproulx"},"schema":{"@context":"https:\/\/schema.org","@graph":[{"@type":"Article","@id":"https:\/\/yvesgingras.uqam.ca\/en\/medias-en\/des-technocrates-aux-algocrates\/#article","isPartOf":{"@id":"https:\/\/yvesgingras.uqam.ca\/en\/medias-en\/des-technocrates-aux-algocrates\/"},"author":{"name":"hattonproulx","@id":"https:\/\/yvesgingras.uqam.ca\/#\/schema\/person\/b3c64dd9d67ed264693d4246916f58bd"},"headline":"Des technocrates aux algocrates","datePublished":"2020-06-15T13:50:27+00:00","mainEntityOfPage":{"@id":"https:\/\/yvesgingras.uqam.ca\/en\/medias-en\/des-technocrates-aux-algocrates\/"},"wordCount":65,"image":{"@id":"https:\/\/yvesgingras.uqam.ca\/en\/medias-en\/des-technocrates-aux-algocrates\/#primaryimage"},"thumbnailUrl":"https:\/\/yvesgingras.uqam.ca\/wp-content\/uploads\/sites\/150\/logo_ledevoir-27.png","articleSection":["M\u00e9dias","Presse \u00e9crite"],"inLanguage":"en-US"},{"@type":"WebPage","@id":"https:\/\/yvesgingras.uqam.ca\/en\/medias-en\/des-technocrates-aux-algocrates\/","url":"https:\/\/yvesgingras.uqam.ca\/en\/medias-en\/des-technocrates-aux-algocrates\/","name":"Des technocrates aux algocrates - Yves Gingras - UQAM","isPartOf":{"@id":"https:\/\/yvesgingras.uqam.ca\/#website"},"primaryImageOfPage":{"@id":"https:\/\/yvesgingras.uqam.ca\/en\/medias-en\/des-technocrates-aux-algocrates\/#primaryimage"},"image":{"@id":"https:\/\/yvesgingras.uqam.ca\/en\/medias-en\/des-technocrates-aux-algocrates\/#primaryimage"},"thumbnailUrl":"https:\/\/yvesgingras.uqam.ca\/wp-content\/uploads\/sites\/150\/logo_ledevoir-27.png","datePublished":"2020-06-15T13:50:27+00:00","author":{"@id":"https:\/\/yvesgingras.uqam.ca\/#\/schema\/person\/b3c64dd9d67ed264693d4246916f58bd"},"breadcrumb":{"@id":"https:\/\/yvesgingras.uqam.ca\/en\/medias-en\/des-technocrates-aux-algocrates\/#breadcrumb"},"inLanguage":"en-US","potentialAction":[{"@type":"ReadAction","target":["https:\/\/yvesgingras.uqam.ca\/en\/medias-en\/des-technocrates-aux-algocrates\/"]}]},{"@type":"ImageObject","inLanguage":"en-US","@id":"https:\/\/yvesgingras.uqam.ca\/en\/medias-en\/des-technocrates-aux-algocrates\/#primaryimage","url":"https:\/\/yvesgingras.uqam.ca\/wp-content\/uploads\/sites\/150\/logo_ledevoir-27.png","contentUrl":"https:\/\/yvesgingras.uqam.ca\/wp-content\/uploads\/sites\/150\/logo_ledevoir-27.png"},{"@type":"BreadcrumbList","@id":"https:\/\/yvesgingras.uqam.ca\/en\/medias-en\/des-technocrates-aux-algocrates\/#breadcrumb","itemListElement":[{"@type":"ListItem","position":1,"name":"Accueil","item":"https:\/\/yvesgingras.uqam.ca\/"},{"@type":"ListItem","position":2,"name":"Des technocrates aux algocrates"}]},{"@type":"WebSite","@id":"https:\/\/yvesgingras.uqam.ca\/#website","url":"https:\/\/yvesgingras.uqam.ca\/","name":"Yves Gingras","description":"","potentialAction":[{"@type":"SearchAction","target":{"@type":"EntryPoint","urlTemplate":"https:\/\/yvesgingras.uqam.ca\/?s={search_term_string}"},"query-input":{"@type":"PropertyValueSpecification","valueRequired":true,"valueName":"search_term_string"}}],"inLanguage":"en-US"},{"@type":"Person","@id":"https:\/\/yvesgingras.uqam.ca\/#\/schema\/person\/b3c64dd9d67ed264693d4246916f58bd","name":"hattonproulx","url":"https:\/\/yvesgingras.uqam.ca\/en\/author\/hattonproulx\/"}]}},"_links":{"self":[{"href":"https:\/\/yvesgingras.uqam.ca\/en\/wp-json\/wp\/v2\/posts\/4519","targetHints":{"allow":["GET"]}}],"collection":[{"href":"https:\/\/yvesgingras.uqam.ca\/en\/wp-json\/wp\/v2\/posts"}],"about":[{"href":"https:\/\/yvesgingras.uqam.ca\/en\/wp-json\/wp\/v2\/types\/post"}],"author":[{"embeddable":true,"href":"https:\/\/yvesgingras.uqam.ca\/en\/wp-json\/wp\/v2\/users\/596"}],"replies":[{"embeddable":true,"href":"https:\/\/yvesgingras.uqam.ca\/en\/wp-json\/wp\/v2\/comments?post=4519"}],"version-history":[{"count":0,"href":"https:\/\/yvesgingras.uqam.ca\/en\/wp-json\/wp\/v2\/posts\/4519\/revisions"}],"wp:attachment":[{"href":"https:\/\/yvesgingras.uqam.ca\/en\/wp-json\/wp\/v2\/media?parent=4519"}],"wp:term":[{"taxonomy":"category","embeddable":true,"href":"https:\/\/yvesgingras.uqam.ca\/en\/wp-json\/wp\/v2\/categories?post=4519"},{"taxonomy":"post_tag","embeddable":true,"href":"https:\/\/yvesgingras.uqam.ca\/en\/wp-json\/wp\/v2\/tags?post=4519"}],"curies":[{"name":"wp","href":"https:\/\/api.w.org\/{rel}","templated":true}]}}