{"id":4261,"date":"2008-11-22T11:00:36","date_gmt":"2008-11-22T16:00:36","guid":{"rendered":"https:\/\/wwd-yvesgingras.uqam.ca\/uncategorized\/400-ans-de-science-au-quebec-lexposition\/"},"modified":"2008-11-22T11:00:36","modified_gmt":"2008-11-22T16:00:36","slug":"400-ans-de-science-au-quebec-lexposition","status":"publish","type":"post","link":"https:\/\/yvesgingras.uqam.ca\/en\/medias-en\/400-ans-de-science-au-quebec-lexposition\/","title":{"rendered":"400 ans de science au Qu\u00e9bec : l&#8217;exposition"},"content":{"rendered":"\n<div style=\"height:20px\" aria-hidden=\"true\" class=\"wp-block-spacer\"><\/div>\n\n\n\n<div class=\"wp-block-media-text alignwide\" style=\"grid-template-columns:22% auto\"><figure class=\"wp-block-media-text__media\"><img loading=\"lazy\" decoding=\"async\" width=\"115\" height=\"122\" src=\"https:\/\/yvesgingras.uqam.ca\/wp-content\/uploads\/sites\/150\/Capture-decran-le-2020-04-13-a-16.13.37.png\" alt=\"\" class=\"wp-image-3606\" \/><\/figure><div class=\"wp-block-media-text__content\">\n<p>L&#8217;exposition \u00ab<a rel=\"noreferrer noopener\" target=\"_blank\" href=\"http:\/\/www.hdsquebec.org\/\">400 ans de science au Qu\u00e9bec<\/a>\u00bb, r\u00e9alis\u00e9e par Yves\u00a0Gingras<strong>\u00a0<\/strong>et Alain\u00a0Couillard, est d\u00e9sormais visible et disponible \u00e0 t\u00e9l\u00e9charger en ligne. Cette exposition avait \u00e9t\u00e9 inaugur\u00e9e en novembre dernier \u00e0 l\u2019Espace Mend\u00e8s France, centre de culture scientifique, technique et industrielle en Poitou-Charentes, pour ensuite \u00eatre pr\u00e9sent\u00e9e \u00e0 l&#8217;UQAM. Gr\u00e2ce \u00e0 une \u00e9quipe d&#8217;\u00e9tudiants du Master Ing\u00e9nierie de l&#8217;Information Textuelle de l&#8217;universit\u00e9 de Poitiers, cette exposition c\u00e9l\u00e9brant le 400e anniversaire de la fondation de Qu\u00e9bec est maintenant accessible \u00e0 tous.<\/p>\n\n\n\n<p><strong><a href=\"http:\/\/www.chss.uqam.ca\/Portals\/0\/docs\/media\/Art_nouvelle%20republique.jpg\" data-rel=\"lightbox-image-0\" data-rl_title=\"\" data-rl_caption=\"\" title=\"\">\u00bb Article dans Nouvelle R\u00e9publique<br><\/a><\/strong><a href=\"http:\/\/www.chss.uqam.ca\/Portals\/0\/docs\/media\/Art_autre.jpg\" data-rel=\"lightbox-image-1\" data-rl_title=\"\" data-rl_caption=\"\" title=\"\"><strong>\u00bb Article dans Centre Presse<br><\/strong><\/a><strong><a href=\"http:\/\/www.chss.uqam.ca\/Portals\/0\/docs\/media\/L%27UQAMnov2008.pdf\">\u00bb Article dans L&#8217;UQAM<\/a><\/strong><\/p>\n\n\n\n<p>M\u00e9dias divers, novembre 2008<\/p>\n<\/div><\/div>\n","protected":false},"excerpt":{"rendered":"<p>400 ans de science au Qu\u00e9bec : l&#8217;exposition. M\u00e9dias divers, novembre 2008<\/p>\n","protected":false},"author":596,"featured_media":0,"comment_status":"closed","ping_status":"closed","sticky":false,"template":"","format":"standard","meta":{"_editorskit_title_hidden":false,"_editorskit_reading_time":0,"_editorskit_is_block_options_detached":false,"_editorskit_block_options_position":"{}","footnotes":""},"categories":[35,43],"tags":[],"class_list":["post-4261","post","type-post","status-publish","format-standard","hentry","category-medias-en","category-presse-ecrite-en"],"yoast_head":"<!-- This site is optimized with the Yoast SEO plugin v27.4 - https:\/\/yoast.com\/product\/yoast-seo-wordpress\/ -->\n<title>400 ans de science au Qu\u00e9bec : l&#039;exposition - Yves Gingras - UQAM<\/title>\n<meta name=\"robots\" content=\"index, follow, max-snippet:-1, max-image-preview:large, max-video-preview:-1\" \/>\n<link rel=\"canonical\" href=\"https:\/\/yvesgingras.uqam.ca\/en\/medias-en\/400-ans-de-science-au-quebec-lexposition\/\" \/>\n<meta property=\"og:locale\" content=\"en_US\" \/>\n<meta property=\"og:type\" content=\"article\" \/>\n<meta property=\"og:title\" content=\"400 ans de science au Qu\u00e9bec : l&#039;exposition - Yves Gingras - UQAM\" \/>\n<meta property=\"og:description\" content=\"400 ans de science au Qu\u00e9bec : l&#039;exposition. M\u00e9dias divers, novembre 2008\" \/>\n<meta property=\"og:url\" content=\"https:\/\/yvesgingras.uqam.ca\/en\/medias-en\/400-ans-de-science-au-quebec-lexposition\/\" \/>\n<meta property=\"og:site_name\" content=\"Yves Gingras\" \/>\n<meta property=\"article:published_time\" content=\"2008-11-22T16:00:36+00:00\" \/>\n<meta property=\"og:image\" content=\"https:\/\/yvesgingras.uqam.ca\/wp-content\/uploads\/sites\/150\/Capture-decran-le-2020-04-13-a-16.13.37.png\" \/>\n<meta name=\"author\" content=\"hattonproulx\" \/>\n<meta name=\"twitter:card\" content=\"summary_large_image\" \/>\n<meta name=\"twitter:label1\" content=\"Written by\" \/>\n\t<meta name=\"twitter:data1\" content=\"hattonproulx\" \/>\n\t<meta name=\"twitter:label2\" content=\"Est. reading time\" \/>\n\t<meta name=\"twitter:data2\" content=\"1 minute\" \/>\n<script type=\"application\/ld+json\" class=\"yoast-schema-graph\">{\"@context\":\"https:\\\/\\\/schema.org\",\"@graph\":[{\"@type\":\"Article\",\"@id\":\"https:\\\/\\\/yvesgingras.uqam.ca\\\/en\\\/medias-en\\\/400-ans-de-science-au-quebec-lexposition\\\/#article\",\"isPartOf\":{\"@id\":\"https:\\\/\\\/yvesgingras.uqam.ca\\\/en\\\/medias-en\\\/400-ans-de-science-au-quebec-lexposition\\\/\"},\"author\":{\"name\":\"hattonproulx\",\"@id\":\"https:\\\/\\\/yvesgingras.uqam.ca\\\/#\\\/schema\\\/person\\\/b3c64dd9d67ed264693d4246916f58bd\"},\"headline\":\"400 ans de science au Qu\u00e9bec : l&#8217;exposition\",\"datePublished\":\"2008-11-22T16:00:36+00:00\",\"mainEntityOfPage\":{\"@id\":\"https:\\\/\\\/yvesgingras.uqam.ca\\\/en\\\/medias-en\\\/400-ans-de-science-au-quebec-lexposition\\\/\"},\"wordCount\":121,\"image\":{\"@id\":\"https:\\\/\\\/yvesgingras.uqam.ca\\\/en\\\/medias-en\\\/400-ans-de-science-au-quebec-lexposition\\\/#primaryimage\"},\"thumbnailUrl\":\"https:\\\/\\\/yvesgingras.uqam.ca\\\/wp-content\\\/uploads\\\/sites\\\/150\\\/Capture-decran-le-2020-04-13-a-16.13.37.png\",\"articleSection\":[\"M\u00e9dias\",\"Presse \u00e9crite\"],\"inLanguage\":\"en-US\"},{\"@type\":\"WebPage\",\"@id\":\"https:\\\/\\\/yvesgingras.uqam.ca\\\/en\\\/medias-en\\\/400-ans-de-science-au-quebec-lexposition\\\/\",\"url\":\"https:\\\/\\\/yvesgingras.uqam.ca\\\/en\\\/medias-en\\\/400-ans-de-science-au-quebec-lexposition\\\/\",\"name\":\"400 ans de science au Qu\u00e9bec : l'exposition - Yves Gingras - UQAM\",\"isPartOf\":{\"@id\":\"https:\\\/\\\/yvesgingras.uqam.ca\\\/#website\"},\"primaryImageOfPage\":{\"@id\":\"https:\\\/\\\/yvesgingras.uqam.ca\\\/en\\\/medias-en\\\/400-ans-de-science-au-quebec-lexposition\\\/#primaryimage\"},\"image\":{\"@id\":\"https:\\\/\\\/yvesgingras.uqam.ca\\\/en\\\/medias-en\\\/400-ans-de-science-au-quebec-lexposition\\\/#primaryimage\"},\"thumbnailUrl\":\"https:\\\/\\\/yvesgingras.uqam.ca\\\/wp-content\\\/uploads\\\/sites\\\/150\\\/Capture-decran-le-2020-04-13-a-16.13.37.png\",\"datePublished\":\"2008-11-22T16:00:36+00:00\",\"author\":{\"@id\":\"https:\\\/\\\/yvesgingras.uqam.ca\\\/#\\\/schema\\\/person\\\/b3c64dd9d67ed264693d4246916f58bd\"},\"breadcrumb\":{\"@id\":\"https:\\\/\\\/yvesgingras.uqam.ca\\\/en\\\/medias-en\\\/400-ans-de-science-au-quebec-lexposition\\\/#breadcrumb\"},\"inLanguage\":\"en-US\",\"potentialAction\":[{\"@type\":\"ReadAction\",\"target\":[\"https:\\\/\\\/yvesgingras.uqam.ca\\\/en\\\/medias-en\\\/400-ans-de-science-au-quebec-lexposition\\\/\"]}]},{\"@type\":\"ImageObject\",\"inLanguage\":\"en-US\",\"@id\":\"https:\\\/\\\/yvesgingras.uqam.ca\\\/en\\\/medias-en\\\/400-ans-de-science-au-quebec-lexposition\\\/#primaryimage\",\"url\":\"https:\\\/\\\/yvesgingras.uqam.ca\\\/wp-content\\\/uploads\\\/sites\\\/150\\\/Capture-decran-le-2020-04-13-a-16.13.37.png\",\"contentUrl\":\"https:\\\/\\\/yvesgingras.uqam.ca\\\/wp-content\\\/uploads\\\/sites\\\/150\\\/Capture-decran-le-2020-04-13-a-16.13.37.png\"},{\"@type\":\"BreadcrumbList\",\"@id\":\"https:\\\/\\\/yvesgingras.uqam.ca\\\/en\\\/medias-en\\\/400-ans-de-science-au-quebec-lexposition\\\/#breadcrumb\",\"itemListElement\":[{\"@type\":\"ListItem\",\"position\":1,\"name\":\"Accueil\",\"item\":\"https:\\\/\\\/yvesgingras.uqam.ca\\\/\"},{\"@type\":\"ListItem\",\"position\":2,\"name\":\"400 ans de science au Qu\u00e9bec : l&#8217;exposition\"}]},{\"@type\":\"WebSite\",\"@id\":\"https:\\\/\\\/yvesgingras.uqam.ca\\\/#website\",\"url\":\"https:\\\/\\\/yvesgingras.uqam.ca\\\/\",\"name\":\"Yves Gingras\",\"description\":\"\",\"potentialAction\":[{\"@type\":\"SearchAction\",\"target\":{\"@type\":\"EntryPoint\",\"urlTemplate\":\"https:\\\/\\\/yvesgingras.uqam.ca\\\/?s={search_term_string}\"},\"query-input\":{\"@type\":\"PropertyValueSpecification\",\"valueRequired\":true,\"valueName\":\"search_term_string\"}}],\"inLanguage\":\"en-US\"},{\"@type\":\"Person\",\"@id\":\"https:\\\/\\\/yvesgingras.uqam.ca\\\/#\\\/schema\\\/person\\\/b3c64dd9d67ed264693d4246916f58bd\",\"name\":\"hattonproulx\",\"url\":\"https:\\\/\\\/yvesgingras.uqam.ca\\\/en\\\/author\\\/hattonproulx\\\/\"}]}<\/script>\n<!-- \/ Yoast SEO plugin. -->","yoast_head_json":{"title":"400 ans de science au Qu\u00e9bec : l'exposition - Yves Gingras - UQAM","robots":{"index":"index","follow":"follow","max-snippet":"max-snippet:-1","max-image-preview":"max-image-preview:large","max-video-preview":"max-video-preview:-1"},"canonical":"https:\/\/yvesgingras.uqam.ca\/en\/medias-en\/400-ans-de-science-au-quebec-lexposition\/","og_locale":"en_US","og_type":"article","og_title":"400 ans de science au Qu\u00e9bec : l'exposition - Yves Gingras - UQAM","og_description":"400 ans de science au Qu\u00e9bec : l'exposition. M\u00e9dias divers, novembre 2008","og_url":"https:\/\/yvesgingras.uqam.ca\/en\/medias-en\/400-ans-de-science-au-quebec-lexposition\/","og_site_name":"Yves Gingras","article_published_time":"2008-11-22T16:00:36+00:00","og_image":[{"url":"https:\/\/yvesgingras.uqam.ca\/wp-content\/uploads\/sites\/150\/Capture-decran-le-2020-04-13-a-16.13.37.png","type":"","width":"","height":""}],"author":"hattonproulx","twitter_card":"summary_large_image","twitter_misc":{"Written by":"hattonproulx","Est. reading time":"1 minute"},"schema":{"@context":"https:\/\/schema.org","@graph":[{"@type":"Article","@id":"https:\/\/yvesgingras.uqam.ca\/en\/medias-en\/400-ans-de-science-au-quebec-lexposition\/#article","isPartOf":{"@id":"https:\/\/yvesgingras.uqam.ca\/en\/medias-en\/400-ans-de-science-au-quebec-lexposition\/"},"author":{"name":"hattonproulx","@id":"https:\/\/yvesgingras.uqam.ca\/#\/schema\/person\/b3c64dd9d67ed264693d4246916f58bd"},"headline":"400 ans de science au Qu\u00e9bec : l&#8217;exposition","datePublished":"2008-11-22T16:00:36+00:00","mainEntityOfPage":{"@id":"https:\/\/yvesgingras.uqam.ca\/en\/medias-en\/400-ans-de-science-au-quebec-lexposition\/"},"wordCount":121,"image":{"@id":"https:\/\/yvesgingras.uqam.ca\/en\/medias-en\/400-ans-de-science-au-quebec-lexposition\/#primaryimage"},"thumbnailUrl":"https:\/\/yvesgingras.uqam.ca\/wp-content\/uploads\/sites\/150\/Capture-decran-le-2020-04-13-a-16.13.37.png","articleSection":["M\u00e9dias","Presse \u00e9crite"],"inLanguage":"en-US"},{"@type":"WebPage","@id":"https:\/\/yvesgingras.uqam.ca\/en\/medias-en\/400-ans-de-science-au-quebec-lexposition\/","url":"https:\/\/yvesgingras.uqam.ca\/en\/medias-en\/400-ans-de-science-au-quebec-lexposition\/","name":"400 ans de science au Qu\u00e9bec : l'exposition - Yves Gingras - UQAM","isPartOf":{"@id":"https:\/\/yvesgingras.uqam.ca\/#website"},"primaryImageOfPage":{"@id":"https:\/\/yvesgingras.uqam.ca\/en\/medias-en\/400-ans-de-science-au-quebec-lexposition\/#primaryimage"},"image":{"@id":"https:\/\/yvesgingras.uqam.ca\/en\/medias-en\/400-ans-de-science-au-quebec-lexposition\/#primaryimage"},"thumbnailUrl":"https:\/\/yvesgingras.uqam.ca\/wp-content\/uploads\/sites\/150\/Capture-decran-le-2020-04-13-a-16.13.37.png","datePublished":"2008-11-22T16:00:36+00:00","author":{"@id":"https:\/\/yvesgingras.uqam.ca\/#\/schema\/person\/b3c64dd9d67ed264693d4246916f58bd"},"breadcrumb":{"@id":"https:\/\/yvesgingras.uqam.ca\/en\/medias-en\/400-ans-de-science-au-quebec-lexposition\/#breadcrumb"},"inLanguage":"en-US","potentialAction":[{"@type":"ReadAction","target":["https:\/\/yvesgingras.uqam.ca\/en\/medias-en\/400-ans-de-science-au-quebec-lexposition\/"]}]},{"@type":"ImageObject","inLanguage":"en-US","@id":"https:\/\/yvesgingras.uqam.ca\/en\/medias-en\/400-ans-de-science-au-quebec-lexposition\/#primaryimage","url":"https:\/\/yvesgingras.uqam.ca\/wp-content\/uploads\/sites\/150\/Capture-decran-le-2020-04-13-a-16.13.37.png","contentUrl":"https:\/\/yvesgingras.uqam.ca\/wp-content\/uploads\/sites\/150\/Capture-decran-le-2020-04-13-a-16.13.37.png"},{"@type":"BreadcrumbList","@id":"https:\/\/yvesgingras.uqam.ca\/en\/medias-en\/400-ans-de-science-au-quebec-lexposition\/#breadcrumb","itemListElement":[{"@type":"ListItem","position":1,"name":"Accueil","item":"https:\/\/yvesgingras.uqam.ca\/"},{"@type":"ListItem","position":2,"name":"400 ans de science au Qu\u00e9bec : l&#8217;exposition"}]},{"@type":"WebSite","@id":"https:\/\/yvesgingras.uqam.ca\/#website","url":"https:\/\/yvesgingras.uqam.ca\/","name":"Yves Gingras","description":"","potentialAction":[{"@type":"SearchAction","target":{"@type":"EntryPoint","urlTemplate":"https:\/\/yvesgingras.uqam.ca\/?s={search_term_string}"},"query-input":{"@type":"PropertyValueSpecification","valueRequired":true,"valueName":"search_term_string"}}],"inLanguage":"en-US"},{"@type":"Person","@id":"https:\/\/yvesgingras.uqam.ca\/#\/schema\/person\/b3c64dd9d67ed264693d4246916f58bd","name":"hattonproulx","url":"https:\/\/yvesgingras.uqam.ca\/en\/author\/hattonproulx\/"}]}},"_links":{"self":[{"href":"https:\/\/yvesgingras.uqam.ca\/en\/wp-json\/wp\/v2\/posts\/4261","targetHints":{"allow":["GET"]}}],"collection":[{"href":"https:\/\/yvesgingras.uqam.ca\/en\/wp-json\/wp\/v2\/posts"}],"about":[{"href":"https:\/\/yvesgingras.uqam.ca\/en\/wp-json\/wp\/v2\/types\/post"}],"author":[{"embeddable":true,"href":"https:\/\/yvesgingras.uqam.ca\/en\/wp-json\/wp\/v2\/users\/596"}],"replies":[{"embeddable":true,"href":"https:\/\/yvesgingras.uqam.ca\/en\/wp-json\/wp\/v2\/comments?post=4261"}],"version-history":[{"count":0,"href":"https:\/\/yvesgingras.uqam.ca\/en\/wp-json\/wp\/v2\/posts\/4261\/revisions"}],"wp:attachment":[{"href":"https:\/\/yvesgingras.uqam.ca\/en\/wp-json\/wp\/v2\/media?parent=4261"}],"wp:term":[{"taxonomy":"category","embeddable":true,"href":"https:\/\/yvesgingras.uqam.ca\/en\/wp-json\/wp\/v2\/categories?post=4261"},{"taxonomy":"post_tag","embeddable":true,"href":"https:\/\/yvesgingras.uqam.ca\/en\/wp-json\/wp\/v2\/tags?post=4261"}],"curies":[{"name":"wp","href":"https:\/\/api.w.org\/{rel}","templated":true}]}}