{"id":4231,"date":"2010-02-21T11:45:00","date_gmt":"2010-02-21T16:45:00","guid":{"rendered":"https:\/\/wwd-yvesgingras.uqam.ca\/uncategorized\/lhistoricite-des-debats-scientifiques-propos-sur-les-sciences\/"},"modified":"2020-04-21T11:48:41","modified_gmt":"2020-04-21T15:48:41","slug":"lhistoricite-des-debats-scientifiques-propos-sur-les-sciences","status":"publish","type":"post","link":"https:\/\/yvesgingras.uqam.ca\/en\/medias-en\/lhistoricite-des-debats-scientifiques-propos-sur-les-sciences\/","title":{"rendered":"L&#8217;historicit\u00e9 des d\u00e9bats scientifiques. Propos sur les sciences"},"content":{"rendered":"\n<div style=\"height:20px\" aria-hidden=\"true\" class=\"wp-block-spacer\"><\/div>\n\n\n\n<div class=\"wp-block-media-text alignwide\" style=\"grid-template-columns:22% auto\"><figure class=\"wp-block-media-text__media\"><img loading=\"lazy\" decoding=\"async\" width=\"650\" height=\"280\" src=\"https:\/\/yvesgingras.uqam.ca\/wp-content\/uploads\/sites\/150\/humanite.png\" alt=\"\" class=\"wp-image-4233\" srcset=\"https:\/\/yvesgingras.uqam.ca\/wp-content\/uploads\/sites\/150\/humanite.png 650w, https:\/\/yvesgingras.uqam.ca\/wp-content\/uploads\/sites\/150\/humanite-300x129.png 300w\" sizes=\"auto, (max-width: 650px) 100vw, 650px\" \/><\/figure><div class=\"wp-block-media-text__content\">\n<p>Le quotidien fran\u00e7ais<em>\u00a0L&#8217;Humanit\u00e9\u00a0<\/em>a publi\u00e9 un compte-rendu de la version fran\u00e7aise du livre d&#8217;Yves Gingras,\u00a0<em>Propos sur les sciences<\/em>, paru aux \u00c9ditions Raisons d&#8217;agir. <\/p>\n\n\n\n<p><strong><a href=\"https:\/\/www.humanite.fr\/node\/432283\"> \u00bb Article<\/a><\/strong><\/p>\n\n\n\n<p>L&#8217;Humanit\u00e9, 4 f\u00e9vrier 2010<\/p>\n<\/div><\/div>\n","protected":false},"excerpt":{"rendered":"<p>L&#8217;historicit\u00e9 des d\u00e9bats scientifiques. Propos sur les sciences. L&#8217;humanit\u00e9, 4 f\u00e9vrier 2010<\/p>\n","protected":false},"author":596,"featured_media":0,"comment_status":"closed","ping_status":"closed","sticky":false,"template":"","format":"standard","meta":{"_editorskit_title_hidden":false,"_editorskit_reading_time":0,"_editorskit_is_block_options_detached":false,"_editorskit_block_options_position":"{}","footnotes":""},"categories":[35,43],"tags":[],"class_list":["post-4231","post","type-post","status-publish","format-standard","hentry","category-medias-en","category-presse-ecrite-en"],"yoast_head":"<!-- This site is optimized with the Yoast SEO plugin v27.4 - https:\/\/yoast.com\/product\/yoast-seo-wordpress\/ -->\n<title>L&#039;historicit\u00e9 des d\u00e9bats scientifiques. Propos sur les sciences - Yves Gingras - UQAM<\/title>\n<meta name=\"robots\" content=\"index, follow, max-snippet:-1, max-image-preview:large, max-video-preview:-1\" \/>\n<link rel=\"canonical\" href=\"https:\/\/yvesgingras.uqam.ca\/en\/medias-en\/lhistoricite-des-debats-scientifiques-propos-sur-les-sciences\/\" \/>\n<meta property=\"og:locale\" content=\"en_US\" \/>\n<meta property=\"og:type\" content=\"article\" \/>\n<meta property=\"og:title\" content=\"L&#039;historicit\u00e9 des d\u00e9bats scientifiques. Propos sur les sciences - Yves Gingras - UQAM\" \/>\n<meta property=\"og:description\" content=\"L&#039;historicit\u00e9 des d\u00e9bats scientifiques. Propos sur les sciences. L&#039;humanit\u00e9, 4 f\u00e9vrier 2010\" \/>\n<meta property=\"og:url\" content=\"https:\/\/yvesgingras.uqam.ca\/en\/medias-en\/lhistoricite-des-debats-scientifiques-propos-sur-les-sciences\/\" \/>\n<meta property=\"og:site_name\" content=\"Yves Gingras\" \/>\n<meta property=\"article:published_time\" content=\"2010-02-21T16:45:00+00:00\" \/>\n<meta property=\"article:modified_time\" content=\"2020-04-21T15:48:41+00:00\" \/>\n<meta property=\"og:image\" content=\"https:\/\/yvesgingras.uqam.ca\/wp-content\/uploads\/sites\/150\/humanite.png\" \/>\n<meta name=\"author\" content=\"hattonproulx\" \/>\n<meta name=\"twitter:card\" content=\"summary_large_image\" \/>\n<meta name=\"twitter:label1\" content=\"Written by\" \/>\n\t<meta name=\"twitter:data1\" content=\"hattonproulx\" \/>\n<script type=\"application\/ld+json\" class=\"yoast-schema-graph\">{\"@context\":\"https:\\\/\\\/schema.org\",\"@graph\":[{\"@type\":\"Article\",\"@id\":\"https:\\\/\\\/yvesgingras.uqam.ca\\\/en\\\/medias-en\\\/lhistoricite-des-debats-scientifiques-propos-sur-les-sciences\\\/#article\",\"isPartOf\":{\"@id\":\"https:\\\/\\\/yvesgingras.uqam.ca\\\/en\\\/medias-en\\\/lhistoricite-des-debats-scientifiques-propos-sur-les-sciences\\\/\"},\"author\":{\"name\":\"hattonproulx\",\"@id\":\"https:\\\/\\\/yvesgingras.uqam.ca\\\/#\\\/schema\\\/person\\\/b3c64dd9d67ed264693d4246916f58bd\"},\"headline\":\"L&#8217;historicit\u00e9 des d\u00e9bats scientifiques. Propos sur les sciences\",\"datePublished\":\"2010-02-21T16:45:00+00:00\",\"dateModified\":\"2020-04-21T15:48:41+00:00\",\"mainEntityOfPage\":{\"@id\":\"https:\\\/\\\/yvesgingras.uqam.ca\\\/en\\\/medias-en\\\/lhistoricite-des-debats-scientifiques-propos-sur-les-sciences\\\/\"},\"wordCount\":45,\"image\":{\"@id\":\"https:\\\/\\\/yvesgingras.uqam.ca\\\/en\\\/medias-en\\\/lhistoricite-des-debats-scientifiques-propos-sur-les-sciences\\\/#primaryimage\"},\"thumbnailUrl\":\"https:\\\/\\\/yvesgingras.uqam.ca\\\/wp-content\\\/uploads\\\/sites\\\/150\\\/humanite.png\",\"articleSection\":[\"M\u00e9dias\",\"Presse \u00e9crite\"],\"inLanguage\":\"en-US\"},{\"@type\":\"WebPage\",\"@id\":\"https:\\\/\\\/yvesgingras.uqam.ca\\\/en\\\/medias-en\\\/lhistoricite-des-debats-scientifiques-propos-sur-les-sciences\\\/\",\"url\":\"https:\\\/\\\/yvesgingras.uqam.ca\\\/en\\\/medias-en\\\/lhistoricite-des-debats-scientifiques-propos-sur-les-sciences\\\/\",\"name\":\"L'historicit\u00e9 des d\u00e9bats scientifiques. Propos sur les sciences - Yves Gingras - UQAM\",\"isPartOf\":{\"@id\":\"https:\\\/\\\/yvesgingras.uqam.ca\\\/#website\"},\"primaryImageOfPage\":{\"@id\":\"https:\\\/\\\/yvesgingras.uqam.ca\\\/en\\\/medias-en\\\/lhistoricite-des-debats-scientifiques-propos-sur-les-sciences\\\/#primaryimage\"},\"image\":{\"@id\":\"https:\\\/\\\/yvesgingras.uqam.ca\\\/en\\\/medias-en\\\/lhistoricite-des-debats-scientifiques-propos-sur-les-sciences\\\/#primaryimage\"},\"thumbnailUrl\":\"https:\\\/\\\/yvesgingras.uqam.ca\\\/wp-content\\\/uploads\\\/sites\\\/150\\\/humanite.png\",\"datePublished\":\"2010-02-21T16:45:00+00:00\",\"dateModified\":\"2020-04-21T15:48:41+00:00\",\"author\":{\"@id\":\"https:\\\/\\\/yvesgingras.uqam.ca\\\/#\\\/schema\\\/person\\\/b3c64dd9d67ed264693d4246916f58bd\"},\"breadcrumb\":{\"@id\":\"https:\\\/\\\/yvesgingras.uqam.ca\\\/en\\\/medias-en\\\/lhistoricite-des-debats-scientifiques-propos-sur-les-sciences\\\/#breadcrumb\"},\"inLanguage\":\"en-US\",\"potentialAction\":[{\"@type\":\"ReadAction\",\"target\":[\"https:\\\/\\\/yvesgingras.uqam.ca\\\/en\\\/medias-en\\\/lhistoricite-des-debats-scientifiques-propos-sur-les-sciences\\\/\"]}]},{\"@type\":\"ImageObject\",\"inLanguage\":\"en-US\",\"@id\":\"https:\\\/\\\/yvesgingras.uqam.ca\\\/en\\\/medias-en\\\/lhistoricite-des-debats-scientifiques-propos-sur-les-sciences\\\/#primaryimage\",\"url\":\"https:\\\/\\\/yvesgingras.uqam.ca\\\/wp-content\\\/uploads\\\/sites\\\/150\\\/humanite.png\",\"contentUrl\":\"https:\\\/\\\/yvesgingras.uqam.ca\\\/wp-content\\\/uploads\\\/sites\\\/150\\\/humanite.png\"},{\"@type\":\"BreadcrumbList\",\"@id\":\"https:\\\/\\\/yvesgingras.uqam.ca\\\/en\\\/medias-en\\\/lhistoricite-des-debats-scientifiques-propos-sur-les-sciences\\\/#breadcrumb\",\"itemListElement\":[{\"@type\":\"ListItem\",\"position\":1,\"name\":\"Accueil\",\"item\":\"https:\\\/\\\/yvesgingras.uqam.ca\\\/\"},{\"@type\":\"ListItem\",\"position\":2,\"name\":\"L&#8217;historicit\u00e9 des d\u00e9bats scientifiques. Propos sur les sciences\"}]},{\"@type\":\"WebSite\",\"@id\":\"https:\\\/\\\/yvesgingras.uqam.ca\\\/#website\",\"url\":\"https:\\\/\\\/yvesgingras.uqam.ca\\\/\",\"name\":\"Yves Gingras\",\"description\":\"\",\"potentialAction\":[{\"@type\":\"SearchAction\",\"target\":{\"@type\":\"EntryPoint\",\"urlTemplate\":\"https:\\\/\\\/yvesgingras.uqam.ca\\\/?s={search_term_string}\"},\"query-input\":{\"@type\":\"PropertyValueSpecification\",\"valueRequired\":true,\"valueName\":\"search_term_string\"}}],\"inLanguage\":\"en-US\"},{\"@type\":\"Person\",\"@id\":\"https:\\\/\\\/yvesgingras.uqam.ca\\\/#\\\/schema\\\/person\\\/b3c64dd9d67ed264693d4246916f58bd\",\"name\":\"hattonproulx\",\"url\":\"https:\\\/\\\/yvesgingras.uqam.ca\\\/en\\\/author\\\/hattonproulx\\\/\"}]}<\/script>\n<!-- \/ Yoast SEO plugin. -->","yoast_head_json":{"title":"L'historicit\u00e9 des d\u00e9bats scientifiques. Propos sur les sciences - Yves Gingras - UQAM","robots":{"index":"index","follow":"follow","max-snippet":"max-snippet:-1","max-image-preview":"max-image-preview:large","max-video-preview":"max-video-preview:-1"},"canonical":"https:\/\/yvesgingras.uqam.ca\/en\/medias-en\/lhistoricite-des-debats-scientifiques-propos-sur-les-sciences\/","og_locale":"en_US","og_type":"article","og_title":"L'historicit\u00e9 des d\u00e9bats scientifiques. Propos sur les sciences - Yves Gingras - UQAM","og_description":"L'historicit\u00e9 des d\u00e9bats scientifiques. Propos sur les sciences. L'humanit\u00e9, 4 f\u00e9vrier 2010","og_url":"https:\/\/yvesgingras.uqam.ca\/en\/medias-en\/lhistoricite-des-debats-scientifiques-propos-sur-les-sciences\/","og_site_name":"Yves Gingras","article_published_time":"2010-02-21T16:45:00+00:00","article_modified_time":"2020-04-21T15:48:41+00:00","og_image":[{"url":"https:\/\/yvesgingras.uqam.ca\/wp-content\/uploads\/sites\/150\/humanite.png","type":"","width":"","height":""}],"author":"hattonproulx","twitter_card":"summary_large_image","twitter_misc":{"Written by":"hattonproulx"},"schema":{"@context":"https:\/\/schema.org","@graph":[{"@type":"Article","@id":"https:\/\/yvesgingras.uqam.ca\/en\/medias-en\/lhistoricite-des-debats-scientifiques-propos-sur-les-sciences\/#article","isPartOf":{"@id":"https:\/\/yvesgingras.uqam.ca\/en\/medias-en\/lhistoricite-des-debats-scientifiques-propos-sur-les-sciences\/"},"author":{"name":"hattonproulx","@id":"https:\/\/yvesgingras.uqam.ca\/#\/schema\/person\/b3c64dd9d67ed264693d4246916f58bd"},"headline":"L&#8217;historicit\u00e9 des d\u00e9bats scientifiques. Propos sur les sciences","datePublished":"2010-02-21T16:45:00+00:00","dateModified":"2020-04-21T15:48:41+00:00","mainEntityOfPage":{"@id":"https:\/\/yvesgingras.uqam.ca\/en\/medias-en\/lhistoricite-des-debats-scientifiques-propos-sur-les-sciences\/"},"wordCount":45,"image":{"@id":"https:\/\/yvesgingras.uqam.ca\/en\/medias-en\/lhistoricite-des-debats-scientifiques-propos-sur-les-sciences\/#primaryimage"},"thumbnailUrl":"https:\/\/yvesgingras.uqam.ca\/wp-content\/uploads\/sites\/150\/humanite.png","articleSection":["M\u00e9dias","Presse \u00e9crite"],"inLanguage":"en-US"},{"@type":"WebPage","@id":"https:\/\/yvesgingras.uqam.ca\/en\/medias-en\/lhistoricite-des-debats-scientifiques-propos-sur-les-sciences\/","url":"https:\/\/yvesgingras.uqam.ca\/en\/medias-en\/lhistoricite-des-debats-scientifiques-propos-sur-les-sciences\/","name":"L'historicit\u00e9 des d\u00e9bats scientifiques. Propos sur les sciences - Yves Gingras - UQAM","isPartOf":{"@id":"https:\/\/yvesgingras.uqam.ca\/#website"},"primaryImageOfPage":{"@id":"https:\/\/yvesgingras.uqam.ca\/en\/medias-en\/lhistoricite-des-debats-scientifiques-propos-sur-les-sciences\/#primaryimage"},"image":{"@id":"https:\/\/yvesgingras.uqam.ca\/en\/medias-en\/lhistoricite-des-debats-scientifiques-propos-sur-les-sciences\/#primaryimage"},"thumbnailUrl":"https:\/\/yvesgingras.uqam.ca\/wp-content\/uploads\/sites\/150\/humanite.png","datePublished":"2010-02-21T16:45:00+00:00","dateModified":"2020-04-21T15:48:41+00:00","author":{"@id":"https:\/\/yvesgingras.uqam.ca\/#\/schema\/person\/b3c64dd9d67ed264693d4246916f58bd"},"breadcrumb":{"@id":"https:\/\/yvesgingras.uqam.ca\/en\/medias-en\/lhistoricite-des-debats-scientifiques-propos-sur-les-sciences\/#breadcrumb"},"inLanguage":"en-US","potentialAction":[{"@type":"ReadAction","target":["https:\/\/yvesgingras.uqam.ca\/en\/medias-en\/lhistoricite-des-debats-scientifiques-propos-sur-les-sciences\/"]}]},{"@type":"ImageObject","inLanguage":"en-US","@id":"https:\/\/yvesgingras.uqam.ca\/en\/medias-en\/lhistoricite-des-debats-scientifiques-propos-sur-les-sciences\/#primaryimage","url":"https:\/\/yvesgingras.uqam.ca\/wp-content\/uploads\/sites\/150\/humanite.png","contentUrl":"https:\/\/yvesgingras.uqam.ca\/wp-content\/uploads\/sites\/150\/humanite.png"},{"@type":"BreadcrumbList","@id":"https:\/\/yvesgingras.uqam.ca\/en\/medias-en\/lhistoricite-des-debats-scientifiques-propos-sur-les-sciences\/#breadcrumb","itemListElement":[{"@type":"ListItem","position":1,"name":"Accueil","item":"https:\/\/yvesgingras.uqam.ca\/"},{"@type":"ListItem","position":2,"name":"L&#8217;historicit\u00e9 des d\u00e9bats scientifiques. Propos sur les sciences"}]},{"@type":"WebSite","@id":"https:\/\/yvesgingras.uqam.ca\/#website","url":"https:\/\/yvesgingras.uqam.ca\/","name":"Yves Gingras","description":"","potentialAction":[{"@type":"SearchAction","target":{"@type":"EntryPoint","urlTemplate":"https:\/\/yvesgingras.uqam.ca\/?s={search_term_string}"},"query-input":{"@type":"PropertyValueSpecification","valueRequired":true,"valueName":"search_term_string"}}],"inLanguage":"en-US"},{"@type":"Person","@id":"https:\/\/yvesgingras.uqam.ca\/#\/schema\/person\/b3c64dd9d67ed264693d4246916f58bd","name":"hattonproulx","url":"https:\/\/yvesgingras.uqam.ca\/en\/author\/hattonproulx\/"}]}},"_links":{"self":[{"href":"https:\/\/yvesgingras.uqam.ca\/en\/wp-json\/wp\/v2\/posts\/4231","targetHints":{"allow":["GET"]}}],"collection":[{"href":"https:\/\/yvesgingras.uqam.ca\/en\/wp-json\/wp\/v2\/posts"}],"about":[{"href":"https:\/\/yvesgingras.uqam.ca\/en\/wp-json\/wp\/v2\/types\/post"}],"author":[{"embeddable":true,"href":"https:\/\/yvesgingras.uqam.ca\/en\/wp-json\/wp\/v2\/users\/596"}],"replies":[{"embeddable":true,"href":"https:\/\/yvesgingras.uqam.ca\/en\/wp-json\/wp\/v2\/comments?post=4231"}],"version-history":[{"count":2,"href":"https:\/\/yvesgingras.uqam.ca\/en\/wp-json\/wp\/v2\/posts\/4231\/revisions"}],"predecessor-version":[{"id":4236,"href":"https:\/\/yvesgingras.uqam.ca\/en\/wp-json\/wp\/v2\/posts\/4231\/revisions\/4236"}],"wp:attachment":[{"href":"https:\/\/yvesgingras.uqam.ca\/en\/wp-json\/wp\/v2\/media?parent=4231"}],"wp:term":[{"taxonomy":"category","embeddable":true,"href":"https:\/\/yvesgingras.uqam.ca\/en\/wp-json\/wp\/v2\/categories?post=4231"},{"taxonomy":"post_tag","embeddable":true,"href":"https:\/\/yvesgingras.uqam.ca\/en\/wp-json\/wp\/v2\/tags?post=4231"}],"curies":[{"name":"wp","href":"https:\/\/api.w.org\/{rel}","templated":true}]}}